{"id":34281,"date":"2018-08-04T22:51:06","date_gmt":"2018-08-05T01:51:06","guid":{"rendered":"http:\/\/www.portalmantena.com.br\/novo\/?p=34281"},"modified":"2018-08-06T13:07:36","modified_gmt":"2018-08-06T16:07:36","slug":"cmdrs-de-mantena-recebe-capacitacao-realizada-pela-emater","status":"publish","type":"post","link":"http:\/\/www.portalmantena.com.br\/novo\/?p=34281","title":{"rendered":"CMDRS de Mantena recebe capacita\u00e7\u00e3o realizada pela Emater"},"content":{"rendered":"<p><a href=\"http:\/\/www.portalmantena.com.br\/novo\/wp-content\/uploads\/2018\/08\/no020818emater1.jpg\"><img loading=\"lazy\" class=\"alignnone size-full wp-image-34282\" src=\"http:\/\/www.portalmantena.com.br\/novo\/wp-content\/uploads\/2018\/08\/no020818emater1.jpg\" alt=\"\" width=\"700\" height=\"450\" srcset=\"http:\/\/www.portalmantena.com.br\/novo\/wp-content\/uploads\/2018\/08\/no020818emater1.jpg 700w, http:\/\/www.portalmantena.com.br\/novo\/wp-content\/uploads\/2018\/08\/no020818emater1-300x193.jpg 300w, http:\/\/www.portalmantena.com.br\/novo\/wp-content\/uploads\/2018\/08\/no020818emater1-696x447.jpg 696w, http:\/\/www.portalmantena.com.br\/novo\/wp-content\/uploads\/2018\/08\/no020818emater1-653x420.jpg 653w\" sizes=\"(max-width: 700px) 100vw, 700px\" \/><\/a><\/p>\n<p><span style=\"font-size: 14pt;\">Os novos Conselheiros do Conselho de Desenvolvimento Rural Sustent\u00e1vel de Mantena receberam na manh\u00e3 desta quinta-feira dia 2 de agosto, uma capacita\u00e7\u00e3o realizada pela EMATER e a Secretaria Municipal da Agricultura. <\/span><\/p>\n<p><span style=\"font-size: 14pt;\">O evento aconteceu nas depend\u00eancias da C\u00e2mara Municipal de Mantena. <\/span><\/p>\n<p><span style=\"font-size: 14pt;\">Participaram representantes de v\u00e1rias regi\u00f5es da zona rural do munic\u00edpio de Mantena, entre eles: C\u00f3rregos Penha e Paix\u00e3o, Gavi\u00e3o e Limeirinha, Bom Jardim, Lajinha, Boa Esperan\u00e7a e outros. <\/span><\/p>\n<p><span style=\"font-size: 14pt;\">Os temas abordados neste encontro foram: Atribui\u00e7\u00f5es do Conselheiro; Como funciona e quais assuntos podem ser tratados pelo conselho dentro da perspectiva de constru\u00e7\u00e3o do Desenvolvimento rural sustent\u00e1vel e a Participa\u00e7\u00e3o nas pol\u00edticas p\u00fablicas. (com informa\u00e7\u00f5es e fotos:T\u00e2nia Coleta\/Emater\/MG<\/span><\/p>\n<p><a href=\"http:\/\/www.portalmantena.com.br\/novo\/wp-content\/uploads\/2018\/08\/no020818emater2.jpg\"><img loading=\"lazy\" class=\"alignnone size-full wp-image-34283\" src=\"http:\/\/www.portalmantena.com.br\/novo\/wp-content\/uploads\/2018\/08\/no020818emater2.jpg\" alt=\"\" width=\"700\" height=\"450\" srcset=\"http:\/\/www.portalmantena.com.br\/novo\/wp-content\/uploads\/2018\/08\/no020818emater2.jpg 700w, http:\/\/www.portalmantena.com.br\/novo\/wp-content\/uploads\/2018\/08\/no020818emater2-300x193.jpg 300w, http:\/\/www.portalmantena.com.br\/novo\/wp-content\/uploads\/2018\/08\/no020818emater2-696x447.jpg 696w, http:\/\/www.portalmantena.com.br\/novo\/wp-content\/uploads\/2018\/08\/no020818emater2-653x420.jpg 653w\" sizes=\"(max-width: 700px) 100vw, 700px\" \/><\/a><\/p>\n<p>&nbsp;<\/p>\n<p><span style=\"font-size: 10pt;\">ESPA\u00c7O EMPRESARIAL<\/span><a href=\"http:\/\/www.portalmantena.com.br\/novo\/wp-content\/uploads\/2018\/05\/postoterraboa.jpg\"><img loading=\"lazy\" class=\"alignnone size-full wp-image-29172\" src=\"http:\/\/www.portalmantena.com.br\/novo\/wp-content\/uploads\/2018\/05\/postoterraboa.jpg\" alt=\"\" width=\"700\" height=\"150\" srcset=\"http:\/\/www.portalmantena.com.br\/novo\/wp-content\/uploads\/2018\/05\/postoterraboa.jpg 700w, http:\/\/www.portalmantena.com.br\/novo\/wp-content\/uploads\/2018\/05\/postoterraboa-300x64.jpg 300w, http:\/\/www.portalmantena.com.br\/novo\/wp-content\/uploads\/2018\/05\/postoterraboa-696x150.jpg 696w\" sizes=\"(max-width: 700px) 100vw, 700px\" \/><\/a><\/p>\n","protected":false},"excerpt":{"rendered":"<p>Os novos Conselheiros do Conselho de Desenvolvimento Rural Sustent\u00e1vel de Mantena receberam na manh\u00e3 desta quinta-feira dia 2 de agosto, uma capacita\u00e7\u00e3o realizada pela EMATER e a Secretaria Municipal da Agricultura. O evento aconteceu nas depend\u00eancias da C\u00e2mara Municipal de Mantena. Participaram representantes de v\u00e1rias regi\u00f5es da zona rural do munic\u00edpio de Mantena, entre eles: [&hellip;]<\/p>\n","protected":false},"author":1,"featured_media":34283,"comment_status":"open","ping_status":"open","sticky":false,"template":"","format":"standard","meta":[],"categories":[36,69,39],"tags":[],"_links":{"self":[{"href":"http:\/\/www.portalmantena.com.br\/novo\/index.php?rest_route=\/wp\/v2\/posts\/34281"}],"collection":[{"href":"http:\/\/www.portalmantena.com.br\/novo\/index.php?rest_route=\/wp\/v2\/posts"}],"about":[{"href":"http:\/\/www.portalmantena.com.br\/novo\/index.php?rest_route=\/wp\/v2\/types\/post"}],"author":[{"embeddable":true,"href":"http:\/\/www.portalmantena.com.br\/novo\/index.php?rest_route=\/wp\/v2\/users\/1"}],"replies":[{"embeddable":true,"href":"http:\/\/www.portalmantena.com.br\/novo\/index.php?rest_route=%2Fwp%2Fv2%2Fcomments&post=34281"}],"version-history":[{"count":1,"href":"http:\/\/www.portalmantena.com.br\/novo\/index.php?rest_route=\/wp\/v2\/posts\/34281\/revisions"}],"predecessor-version":[{"id":34284,"href":"http:\/\/www.portalmantena.com.br\/novo\/index.php?rest_route=\/wp\/v2\/posts\/34281\/revisions\/34284"}],"wp:featuredmedia":[{"embeddable":true,"href":"http:\/\/www.portalmantena.com.br\/novo\/index.php?rest_route=\/wp\/v2\/media\/34283"}],"wp:attachment":[{"href":"http:\/\/www.portalmantena.com.br\/novo\/index.php?rest_route=%2Fwp%2Fv2%2Fmedia&parent=34281"}],"wp:term":[{"taxonomy":"category","embeddable":true,"href":"http:\/\/www.portalmantena.com.br\/novo\/index.php?rest_route=%2Fwp%2Fv2%2Fcategories&post=34281"},{"taxonomy":"post_tag","embeddable":true,"href":"http:\/\/www.portalmantena.com.br\/novo\/index.php?rest_route=%2Fwp%2Fv2%2Ftags&post=34281"}],"curies":[{"name":"wp","href":"https:\/\/api.w.org\/{rel}","templated":true}]}}