{"id":34207,"date":"2018-08-03T04:54:49","date_gmt":"2018-08-03T07:54:49","guid":{"rendered":"http:\/\/www.portalmantena.com.br\/novo\/?p=34207"},"modified":"2018-08-04T07:51:53","modified_gmt":"2018-08-04T10:51:53","slug":"apae-de-mantena-entregou-12-cadeiras-de-rodas-motorizadas","status":"publish","type":"post","link":"http:\/\/www.portalmantena.com.br\/novo\/?p=34207","title":{"rendered":"APAE de Mantena entregou 12 cadeiras de rodas motorizadas"},"content":{"rendered":"<p><a href=\"http:\/\/www.portalmantena.com.br\/novo\/wp-content\/uploads\/2018\/08\/no020818cadeira5.jpg\"><img loading=\"lazy\" class=\"alignnone size-full wp-image-34212\" src=\"http:\/\/www.portalmantena.com.br\/novo\/wp-content\/uploads\/2018\/08\/no020818cadeira5.jpg\" alt=\"\" width=\"700\" height=\"450\" srcset=\"http:\/\/www.portalmantena.com.br\/novo\/wp-content\/uploads\/2018\/08\/no020818cadeira5.jpg 700w, http:\/\/www.portalmantena.com.br\/novo\/wp-content\/uploads\/2018\/08\/no020818cadeira5-300x193.jpg 300w, http:\/\/www.portalmantena.com.br\/novo\/wp-content\/uploads\/2018\/08\/no020818cadeira5-696x447.jpg 696w, http:\/\/www.portalmantena.com.br\/novo\/wp-content\/uploads\/2018\/08\/no020818cadeira5-653x420.jpg 653w\" sizes=\"(max-width: 700px) 100vw, 700px\" \/><\/a><\/p>\n<p style=\"line-height: 19.5pt; background: white; margin: 0cm 0cm 19.5pt 0cm;\"><span style=\"font-size: 14.0pt; font-family: 'Verdana','sans-serif'; color: #222222;\">A APAE Associa\u00e7\u00e3o de Pais e Amigos dos Excepcionais de Mantena entregou na \u00faltima quarta-feira dia 25 de Julho, 12 Cadeiras de Rodas Motorizadas, adquiridas com recursos do SUS, Sistema \u00danico de Sa\u00fade, a usu\u00e1rios do Centro Especializado em Reabilita\u00e7\u00e3o CER II de Mantena. Foram entregues a usu\u00e1rios de Mantena 09 cadeiras, S\u00e3o Jo\u00e3o do Manteninha 01 cadeira, Divino das Laranjeiras 01 cadeira e Itabirinha 01 cadeira. <\/span><\/p>\n<p style=\"line-height: 19.5pt; background: white; margin: 0cm 0cm 19.5pt 0cm;\"><span style=\"font-size: 14.0pt; font-family: 'Verdana','sans-serif'; color: #222222;\">A aquisi\u00e7\u00e3o da cadeira motorizada traz ao usu\u00e1rio mais autonomia no ir e vir, gerando maior comodidade, qualidade de vida e consequentemente aumento da autoestima e n\u00e3o precisando da ajuda de outras pessoas para se locomover. <\/span><\/p>\n<p style=\"line-height: 19.5pt; background: white; margin: 0cm 0cm 19.5pt 0cm;\"><span style=\"font-size: 14.0pt; font-family: 'Verdana','sans-serif'; color: #222222;\">Moderno, o equipamento possui comando no estilo\u00a0<em style=\"box-sizing: border-box;\"><span style=\"font-family: 'Verdana','sans-serif';\">Joystick<\/span><\/em>\u00a0(alavanca com o qual o paciente pode se direcionar em qualquer sentido, incluindo marcha a r\u00e9), controle de velocidade e alarme (buzina);\u00a0a cadeira \u00e9 ajust\u00e1vel \u00e0s necessidades f\u00edsicas de cada usu\u00e1rio. <\/span><\/p>\n<p style=\"line-height: 19.5pt; background: white; margin: 0cm 0cm 19.5pt 0cm;\"><span style=\"font-size: 14.0pt; font-family: 'Verdana','sans-serif'; color: #222222;\">As cadeiras motorizadas foram adquiridas atrav\u00e9s de financiamento do Fundo de A\u00e7\u00f5es Estrat\u00e9gicas e Compensa\u00e7\u00e3o (FAEC). Na entrega das cadeiras, os profissionais do CER II, tamb\u00e9m fizeram demonstra\u00e7\u00f5es aos pacientes sobre a forma correta de utilizar as cadeiras, assim como deram orienta\u00e7\u00f5es sobre a manuten\u00e7\u00e3o do equipamento. <\/span><\/p>\n<p style=\"line-height: 19.5pt; background: white; margin: 0cm 0cm 19.5pt 0cm;\"><span style=\"font-size: 14.0pt; font-family: 'Verdana','sans-serif'; color: #222222;\">Vale ressaltar que as pessoas que foram contempladas com as cadeiras motorizadas pelo SUS passaram por uma avalia\u00e7\u00e3o multiprofissional, exigida pela Portaria 1272. <\/span><\/p>\n<p style=\"line-height: 19.5pt; background: white; margin: 0cm 0cm 19.5pt 0cm;\"><span style=\"font-size: 14.0pt; font-family: 'Verdana','sans-serif'; color: #222222;\">Todas as \u00e1reas da APAE buscam aprimorar a integralidade de a\u00e7\u00f5es para que o aluno e o usu\u00e1rio sejam cada vez mais reconhecidos em suas especificidades e ent\u00e3o suas necessidades atendidas. Visando sempre \u00e0 melhoria da qualidade do atendimento \u00e0 pessoa com defici\u00eancia intelectual e m\u00faltipla e \u00e0 sua fam\u00edlia. <\/span><\/p>\n<p style=\"line-height: 19.5pt; background: white; margin: 0cm 0cm 19.5pt 0cm;\"><span style=\"font-size: 14.0pt; font-family: 'Verdana','sans-serif'; color: #222222;\">A dire\u00e7\u00e3o da APAE agradeceu carinhosamente as pessoas que atenderam ao convite e compareceram a este momento t\u00e3o significativo do ponto de vista social e da pol\u00edtica p\u00fablica da sa\u00fade. (fonte\/foto:APAEMantena).<\/span><\/p>\n<p><a href=\"http:\/\/www.portalmantena.com.br\/novo\/wp-content\/uploads\/2018\/08\/no020818cadeira2.jpg\"><img loading=\"lazy\" class=\"alignnone size-full wp-image-34209\" src=\"http:\/\/www.portalmantena.com.br\/novo\/wp-content\/uploads\/2018\/08\/no020818cadeira2.jpg\" alt=\"\" width=\"700\" height=\"450\" srcset=\"http:\/\/www.portalmantena.com.br\/novo\/wp-content\/uploads\/2018\/08\/no020818cadeira2.jpg 700w, http:\/\/www.portalmantena.com.br\/novo\/wp-content\/uploads\/2018\/08\/no020818cadeira2-300x193.jpg 300w, http:\/\/www.portalmantena.com.br\/novo\/wp-content\/uploads\/2018\/08\/no020818cadeira2-696x447.jpg 696w, http:\/\/www.portalmantena.com.br\/novo\/wp-content\/uploads\/2018\/08\/no020818cadeira2-653x420.jpg 653w\" sizes=\"(max-width: 700px) 100vw, 700px\" \/><\/a><a href=\"http:\/\/www.portalmantena.com.br\/novo\/wp-content\/uploads\/2018\/08\/no020818cadeira1.jpg\"><img loading=\"lazy\" class=\"alignnone size-full wp-image-34208\" src=\"http:\/\/www.portalmantena.com.br\/novo\/wp-content\/uploads\/2018\/08\/no020818cadeira1.jpg\" alt=\"\" width=\"700\" height=\"450\" srcset=\"http:\/\/www.portalmantena.com.br\/novo\/wp-content\/uploads\/2018\/08\/no020818cadeira1.jpg 700w, http:\/\/www.portalmantena.com.br\/novo\/wp-content\/uploads\/2018\/08\/no020818cadeira1-300x193.jpg 300w, http:\/\/www.portalmantena.com.br\/novo\/wp-content\/uploads\/2018\/08\/no020818cadeira1-696x447.jpg 696w, http:\/\/www.portalmantena.com.br\/novo\/wp-content\/uploads\/2018\/08\/no020818cadeira1-653x420.jpg 653w\" sizes=\"(max-width: 700px) 100vw, 700px\" \/><\/a> <a href=\"http:\/\/www.portalmantena.com.br\/novo\/wp-content\/uploads\/2018\/08\/no020818cadeira3.jpg\"><img loading=\"lazy\" class=\"alignnone size-full wp-image-34210\" src=\"http:\/\/www.portalmantena.com.br\/novo\/wp-content\/uploads\/2018\/08\/no020818cadeira3.jpg\" alt=\"\" width=\"700\" height=\"450\" srcset=\"http:\/\/www.portalmantena.com.br\/novo\/wp-content\/uploads\/2018\/08\/no020818cadeira3.jpg 700w, http:\/\/www.portalmantena.com.br\/novo\/wp-content\/uploads\/2018\/08\/no020818cadeira3-300x193.jpg 300w, http:\/\/www.portalmantena.com.br\/novo\/wp-content\/uploads\/2018\/08\/no020818cadeira3-696x447.jpg 696w, http:\/\/www.portalmantena.com.br\/novo\/wp-content\/uploads\/2018\/08\/no020818cadeira3-653x420.jpg 653w\" sizes=\"(max-width: 700px) 100vw, 700px\" \/><\/a> <a href=\"http:\/\/www.portalmantena.com.br\/novo\/wp-content\/uploads\/2018\/08\/no020818cadeira4.jpg\"><img loading=\"lazy\" class=\"alignnone size-full wp-image-34211\" src=\"http:\/\/www.portalmantena.com.br\/novo\/wp-content\/uploads\/2018\/08\/no020818cadeira4.jpg\" alt=\"\" width=\"700\" height=\"450\" srcset=\"http:\/\/www.portalmantena.com.br\/novo\/wp-content\/uploads\/2018\/08\/no020818cadeira4.jpg 700w, http:\/\/www.portalmantena.com.br\/novo\/wp-content\/uploads\/2018\/08\/no020818cadeira4-300x193.jpg 300w, http:\/\/www.portalmantena.com.br\/novo\/wp-content\/uploads\/2018\/08\/no020818cadeira4-696x447.jpg 696w, http:\/\/www.portalmantena.com.br\/novo\/wp-content\/uploads\/2018\/08\/no020818cadeira4-653x420.jpg 653w\" sizes=\"(max-width: 700px) 100vw, 700px\" \/><\/a><a href=\"http:\/\/www.portalmantena.com.br\/novo\/wp-content\/uploads\/2018\/08\/no020818cadeira6.jpg\"><img loading=\"lazy\" class=\"alignnone size-full wp-image-34213\" src=\"http:\/\/www.portalmantena.com.br\/novo\/wp-content\/uploads\/2018\/08\/no020818cadeira6.jpg\" alt=\"\" width=\"700\" height=\"450\" srcset=\"http:\/\/www.portalmantena.com.br\/novo\/wp-content\/uploads\/2018\/08\/no020818cadeira6.jpg 700w, http:\/\/www.portalmantena.com.br\/novo\/wp-content\/uploads\/2018\/08\/no020818cadeira6-300x193.jpg 300w, http:\/\/www.portalmantena.com.br\/novo\/wp-content\/uploads\/2018\/08\/no020818cadeira6-696x447.jpg 696w, http:\/\/www.portalmantena.com.br\/novo\/wp-content\/uploads\/2018\/08\/no020818cadeira6-653x420.jpg 653w\" sizes=\"(max-width: 700px) 100vw, 700px\" \/><\/a> <a href=\"http:\/\/www.portalmantena.com.br\/novo\/wp-content\/uploads\/2018\/08\/no020818cadeira7.jpg\"><img loading=\"lazy\" class=\"alignnone size-full wp-image-34214\" src=\"http:\/\/www.portalmantena.com.br\/novo\/wp-content\/uploads\/2018\/08\/no020818cadeira7.jpg\" alt=\"\" width=\"700\" height=\"450\" srcset=\"http:\/\/www.portalmantena.com.br\/novo\/wp-content\/uploads\/2018\/08\/no020818cadeira7.jpg 700w, http:\/\/www.portalmantena.com.br\/novo\/wp-content\/uploads\/2018\/08\/no020818cadeira7-300x193.jpg 300w, http:\/\/www.portalmantena.com.br\/novo\/wp-content\/uploads\/2018\/08\/no020818cadeira7-696x447.jpg 696w, http:\/\/www.portalmantena.com.br\/novo\/wp-content\/uploads\/2018\/08\/no020818cadeira7-653x420.jpg 653w\" sizes=\"(max-width: 700px) 100vw, 700px\" \/><\/a> <a href=\"http:\/\/www.portalmantena.com.br\/novo\/wp-content\/uploads\/2018\/08\/no020818cadeira8.jpg\"><img loading=\"lazy\" class=\"alignnone size-full wp-image-34215\" src=\"http:\/\/www.portalmantena.com.br\/novo\/wp-content\/uploads\/2018\/08\/no020818cadeira8.jpg\" alt=\"\" width=\"700\" height=\"450\" srcset=\"http:\/\/www.portalmantena.com.br\/novo\/wp-content\/uploads\/2018\/08\/no020818cadeira8.jpg 700w, http:\/\/www.portalmantena.com.br\/novo\/wp-content\/uploads\/2018\/08\/no020818cadeira8-300x193.jpg 300w, http:\/\/www.portalmantena.com.br\/novo\/wp-content\/uploads\/2018\/08\/no020818cadeira8-696x447.jpg 696w, http:\/\/www.portalmantena.com.br\/novo\/wp-content\/uploads\/2018\/08\/no020818cadeira8-653x420.jpg 653w\" sizes=\"(max-width: 700px) 100vw, 700px\" \/><\/a><\/p>\n<p>&nbsp;<\/p>\n<p><span style=\"font-size: 10pt;\">ESPA\u00c7O EMPRESARIAL<\/span><a href=\"http:\/\/www.molvw.com.br\/\"><img loading=\"lazy\" class=\"alignnone size-full wp-image-29504\" src=\"http:\/\/www.portalmantena.com.br\/novo\/wp-content\/uploads\/2018\/05\/molvolkswagen.jpg\" alt=\"\" width=\"700\" height=\"150\" srcset=\"http:\/\/www.portalmantena.com.br\/novo\/wp-content\/uploads\/2018\/05\/molvolkswagen.jpg 700w, http:\/\/www.portalmantena.com.br\/novo\/wp-content\/uploads\/2018\/05\/molvolkswagen-300x64.jpg 300w, http:\/\/www.portalmantena.com.br\/novo\/wp-content\/uploads\/2018\/05\/molvolkswagen-696x150.jpg 696w\" sizes=\"(max-width: 700px) 100vw, 700px\" \/><\/a><\/p>\n","protected":false},"excerpt":{"rendered":"<p>A APAE Associa\u00e7\u00e3o de Pais e Amigos dos Excepcionais de Mantena entregou na \u00faltima quarta-feira dia 25 de Julho, 12 Cadeiras de Rodas Motorizadas, adquiridas com recursos do SUS, Sistema \u00danico de Sa\u00fade, a usu\u00e1rios do Centro Especializado em Reabilita\u00e7\u00e3o CER II de Mantena. Foram entregues a usu\u00e1rios de Mantena 09 cadeiras, S\u00e3o Jo\u00e3o do [&hellip;]<\/p>\n","protected":false},"author":1,"featured_media":34212,"comment_status":"open","ping_status":"open","sticky":false,"template":"","format":"standard","meta":[],"categories":[36,69],"tags":[],"_links":{"self":[{"href":"http:\/\/www.portalmantena.com.br\/novo\/index.php?rest_route=\/wp\/v2\/posts\/34207"}],"collection":[{"href":"http:\/\/www.portalmantena.com.br\/novo\/index.php?rest_route=\/wp\/v2\/posts"}],"about":[{"href":"http:\/\/www.portalmantena.com.br\/novo\/index.php?rest_route=\/wp\/v2\/types\/post"}],"author":[{"embeddable":true,"href":"http:\/\/www.portalmantena.com.br\/novo\/index.php?rest_route=\/wp\/v2\/users\/1"}],"replies":[{"embeddable":true,"href":"http:\/\/www.portalmantena.com.br\/novo\/index.php?rest_route=%2Fwp%2Fv2%2Fcomments&post=34207"}],"version-history":[{"count":1,"href":"http:\/\/www.portalmantena.com.br\/novo\/index.php?rest_route=\/wp\/v2\/posts\/34207\/revisions"}],"predecessor-version":[{"id":34216,"href":"http:\/\/www.portalmantena.com.br\/novo\/index.php?rest_route=\/wp\/v2\/posts\/34207\/revisions\/34216"}],"wp:featuredmedia":[{"embeddable":true,"href":"http:\/\/www.portalmantena.com.br\/novo\/index.php?rest_route=\/wp\/v2\/media\/34212"}],"wp:attachment":[{"href":"http:\/\/www.portalmantena.com.br\/novo\/index.php?rest_route=%2Fwp%2Fv2%2Fmedia&parent=34207"}],"wp:term":[{"taxonomy":"category","embeddable":true,"href":"http:\/\/www.portalmantena.com.br\/novo\/index.php?rest_route=%2Fwp%2Fv2%2Fcategories&post=34207"},{"taxonomy":"post_tag","embeddable":true,"href":"http:\/\/www.portalmantena.com.br\/novo\/index.php?rest_route=%2Fwp%2Fv2%2Ftags&post=34207"}],"curies":[{"name":"wp","href":"https:\/\/api.w.org\/{rel}","templated":true}]}}