{"id":34188,"date":"2018-08-02T18:52:00","date_gmt":"2018-08-02T21:52:00","guid":{"rendered":"http:\/\/www.portalmantena.com.br\/novo\/?p=34188"},"modified":"2018-08-02T11:02:38","modified_gmt":"2018-08-02T14:02:38","slug":"pm-apreende-moto-barulhenta-motociclista-era-inabilitado","status":"publish","type":"post","link":"http:\/\/www.portalmantena.com.br\/novo\/?p=34188","title":{"rendered":"PM apreende moto barulhenta, motociclista era inabilitado"},"content":{"rendered":"<p><a href=\"http:\/\/www.portalmantena.com.br\/novo\/wp-content\/uploads\/2018\/08\/no020818moto.jpg\"><img loading=\"lazy\" class=\"alignnone size-full wp-image-34189\" src=\"http:\/\/www.portalmantena.com.br\/novo\/wp-content\/uploads\/2018\/08\/no020818moto.jpg\" alt=\"\" width=\"700\" height=\"450\" srcset=\"http:\/\/www.portalmantena.com.br\/novo\/wp-content\/uploads\/2018\/08\/no020818moto.jpg 700w, http:\/\/www.portalmantena.com.br\/novo\/wp-content\/uploads\/2018\/08\/no020818moto-300x193.jpg 300w, http:\/\/www.portalmantena.com.br\/novo\/wp-content\/uploads\/2018\/08\/no020818moto-696x447.jpg 696w, http:\/\/www.portalmantena.com.br\/novo\/wp-content\/uploads\/2018\/08\/no020818moto-653x420.jpg 653w\" sizes=\"(max-width: 700px) 100vw, 700px\" \/><\/a><\/p>\n<p><span style=\"font-size: 14pt;\">Por volta das 16 horas desta quarta-feira dia 1\u00ba de Agosto, um motociclista que transitava pela Avenida Frei Gaspar, pr\u00f3ximo ao n\u00famero 295 no bairro Vila Nova, chamou a aten\u00e7\u00e3o devido ao grande barulho que causava incomodando por onde passava. <\/span><\/p>\n<p><span style=\"font-size: 14pt;\">Ao ser abordado por uma guarni\u00e7\u00e3o da Pol\u00edcia Militar foi constatado que a moto, uma Honda CG de cor preta, apresentava v\u00e1rias irregularidades como escapamento furado, pneus gastos (careca) e o condutor era inabilitado para a condu\u00e7\u00e3o do ve\u00edculo. <\/span><\/p>\n<p><span style=\"font-size: 14pt;\">Feitas notifica\u00e7\u00f5es referentes \u00e0s infra\u00e7\u00f5es a moto foi recolhida ficando \u00e0 disposi\u00e7\u00e3o da autoridade competente para demais providencias. <\/span><\/p>\n<p><span style=\"font-size: 14pt;\">A informa\u00e7\u00e3o da pol\u00edcia militar \u00e9 que opera\u00e7\u00f5es como esta, contra motociclistas que cometem este tipo de infra\u00e7\u00e3o ir\u00e3o continuar na cidade, com as notifica\u00e7\u00f5es e at\u00e9 mesmo a apreens\u00e3o destes ve\u00edculos. (fonte\/foto:PM).<\/span><\/p>\n<p>&nbsp;<\/p>\n<p><span style=\"font-size: 10pt;\">ESPA\u00c7O EMPRESARIAL<\/span><img loading=\"lazy\" class=\"alignnone size-full wp-image-30339\" src=\"http:\/\/www.portalmantena.com.br\/novo\/wp-content\/uploads\/2018\/05\/casadastintas.jpg\" alt=\"\" width=\"700\" height=\"150\" srcset=\"http:\/\/www.portalmantena.com.br\/novo\/wp-content\/uploads\/2018\/05\/casadastintas.jpg 700w, http:\/\/www.portalmantena.com.br\/novo\/wp-content\/uploads\/2018\/05\/casadastintas-300x64.jpg 300w, http:\/\/www.portalmantena.com.br\/novo\/wp-content\/uploads\/2018\/05\/casadastintas-696x150.jpg 696w\" sizes=\"(max-width: 700px) 100vw, 700px\" \/><\/p>\n","protected":false},"excerpt":{"rendered":"<p>Por volta das 16 horas desta quarta-feira dia 1\u00ba de Agosto, um motociclista que transitava pela Avenida Frei Gaspar, pr\u00f3ximo ao n\u00famero 295 no bairro Vila Nova, chamou a aten\u00e7\u00e3o devido ao grande barulho que causava incomodando por onde passava. Ao ser abordado por uma guarni\u00e7\u00e3o da Pol\u00edcia Militar foi constatado que a moto, uma [&hellip;]<\/p>\n","protected":false},"author":1,"featured_media":34189,"comment_status":"open","ping_status":"open","sticky":false,"template":"","format":"standard","meta":[],"categories":[11,34],"tags":[],"_links":{"self":[{"href":"http:\/\/www.portalmantena.com.br\/novo\/index.php?rest_route=\/wp\/v2\/posts\/34188"}],"collection":[{"href":"http:\/\/www.portalmantena.com.br\/novo\/index.php?rest_route=\/wp\/v2\/posts"}],"about":[{"href":"http:\/\/www.portalmantena.com.br\/novo\/index.php?rest_route=\/wp\/v2\/types\/post"}],"author":[{"embeddable":true,"href":"http:\/\/www.portalmantena.com.br\/novo\/index.php?rest_route=\/wp\/v2\/users\/1"}],"replies":[{"embeddable":true,"href":"http:\/\/www.portalmantena.com.br\/novo\/index.php?rest_route=%2Fwp%2Fv2%2Fcomments&post=34188"}],"version-history":[{"count":2,"href":"http:\/\/www.portalmantena.com.br\/novo\/index.php?rest_route=\/wp\/v2\/posts\/34188\/revisions"}],"predecessor-version":[{"id":34192,"href":"http:\/\/www.portalmantena.com.br\/novo\/index.php?rest_route=\/wp\/v2\/posts\/34188\/revisions\/34192"}],"wp:featuredmedia":[{"embeddable":true,"href":"http:\/\/www.portalmantena.com.br\/novo\/index.php?rest_route=\/wp\/v2\/media\/34189"}],"wp:attachment":[{"href":"http:\/\/www.portalmantena.com.br\/novo\/index.php?rest_route=%2Fwp%2Fv2%2Fmedia&parent=34188"}],"wp:term":[{"taxonomy":"category","embeddable":true,"href":"http:\/\/www.portalmantena.com.br\/novo\/index.php?rest_route=%2Fwp%2Fv2%2Fcategories&post=34188"},{"taxonomy":"post_tag","embeddable":true,"href":"http:\/\/www.portalmantena.com.br\/novo\/index.php?rest_route=%2Fwp%2Fv2%2Ftags&post=34188"}],"curies":[{"name":"wp","href":"https:\/\/api.w.org\/{rel}","templated":true}]}}