{"id":34185,"date":"2018-08-02T23:44:08","date_gmt":"2018-08-03T02:44:08","guid":{"rendered":"http:\/\/www.portalmantena.com.br\/novo\/?p=34185"},"modified":"2018-08-02T11:20:22","modified_gmt":"2018-08-02T14:20:22","slug":"nivel-do-rio-doce-cai-e-saae-de-valadares-altera-captacao","status":"publish","type":"post","link":"http:\/\/www.portalmantena.com.br\/novo\/?p=34185","title":{"rendered":"N\u00edvel do Rio Doce cai e SAAE de Valadares altera capta\u00e7\u00e3o"},"content":{"rendered":"<p><a href=\"http:\/\/www.portalmantena.com.br\/novo\/wp-content\/uploads\/2018\/08\/no020818saae.jpg\"><img loading=\"lazy\" class=\"alignnone size-full wp-image-34186\" src=\"http:\/\/www.portalmantena.com.br\/novo\/wp-content\/uploads\/2018\/08\/no020818saae.jpg\" alt=\"\" width=\"700\" height=\"450\" srcset=\"http:\/\/www.portalmantena.com.br\/novo\/wp-content\/uploads\/2018\/08\/no020818saae.jpg 700w, http:\/\/www.portalmantena.com.br\/novo\/wp-content\/uploads\/2018\/08\/no020818saae-300x193.jpg 300w, http:\/\/www.portalmantena.com.br\/novo\/wp-content\/uploads\/2018\/08\/no020818saae-696x447.jpg 696w, http:\/\/www.portalmantena.com.br\/novo\/wp-content\/uploads\/2018\/08\/no020818saae-653x420.jpg 653w\" sizes=\"(max-width: 700px) 100vw, 700px\" \/><\/a><\/p>\n<p style=\"background: white; margin: 0cm 0cm 7.5pt 0cm;\"><span style=\"font-size: 14pt; font-family: verdana, geneva, sans-serif;\">O per\u00edodo de estiagem, que geralmente ocorre entre os meses de setembro a novembro em Governador Valadares, chegou um m\u00eas antes do previsto este ano. <\/span><\/p>\n<p style=\"background: white; margin: 0cm 0cm 7.5pt 0cm;\"><span style=\"font-size: 14pt; font-family: verdana, geneva, sans-serif;\">Estamos no in\u00edcio de agosto e o n\u00edvel do Rio Doce j\u00e1 apresenta baixo volume de \u00e1gua. No entanto, o Servi\u00e7o Aut\u00f4nomo de \u00c1gua e Esgoto (SAAE) vem adotando medidas preventivas, desde o ano passado, para que a popula\u00e7\u00e3o passe por este per\u00edodo sem problemas. <\/span><\/p>\n<p style=\"background: white; margin: 0cm 0cm 7.5pt 0cm;\"><span style=\"font-size: 14pt; font-family: verdana, geneva, sans-serif;\">O n\u00edvel do rio \u00e9 acompanhado pela autarquia atrav\u00e9s de r\u00e9guas instaladas \u00e0s suas margens. Elas medem at\u00e9 7 metros, sendo 3,50 metros positivos e 3,50 metros negativos. Hoje o n\u00edvel do rio est\u00e1 em 0,05 cm; ou seja, est\u00e1 negativo. <\/span><\/p>\n<p style=\"background: white; margin: 0cm 0cm 7.5pt 0cm;\"><span style=\"font-size: 14pt; font-family: verdana, geneva, sans-serif;\">Nesta situa\u00e7\u00e3o, a capta\u00e7\u00e3o de \u00e1gua fica bastante comprometida quando realizada somente pela margem do rio. Por isso o SAAE instalou, no ano passado, 4 bombas de capta\u00e7\u00e3o no meio do rio, numa esp\u00e9cie de ilha, onde o volume de \u00e1gua \u00e9 maior que nas margens. Segundo o diretor geral do SAAE, Alcyr Nascimento Junior, apesar do baixo n\u00edvel do rio, o abastecimento est\u00e1 normal. <\/span><\/p>\n<p style=\"background: white; margin: 0cm 0cm 7.5pt 0cm;\"><span style=\"font-size: 14pt; font-family: verdana, geneva, sans-serif;\">\u201cO abastecimento de \u00e1gua n\u00e3o foi comprometido at\u00e9 o momento, e isso s\u00f3 est\u00e1 sendo poss\u00edvel gra\u00e7as ao trabalho preventivo que o SAAE realizou nas Esta\u00e7\u00f5es de Tratamento de \u00c1gua (ETA\u00b4S) fazendo limpezas, manuten\u00e7\u00f5es de bombas, entre outros servi\u00e7os que permitem que elas trabalhem sem problemas\u201d, afirmou o diretor. <\/span><\/p>\n<p style=\"background: white; margin: 0cm 0cm 7.5pt 0cm;\"><span style=\"font-size: 14pt; font-family: verdana, geneva, sans-serif;\">Apesar de o SAAE estar trabalhando com capta\u00e7\u00e3o normal de \u00e1gua, permitindo vaz\u00e3o de 800 litros de \u00e1gua por segundo, a palavra de ordem \u00e9 economia.<\/span><\/p>\n<p style=\"background: white; margin: 0cm 0cm 7.5pt 0cm;\"><span style=\"font-size: 14pt; font-family: verdana, geneva, sans-serif;\"> \u201cA colabora\u00e7\u00e3o da popula\u00e7\u00e3o \u00e9 importante para que passemos este per\u00edodo de estiagem sem racionamento: n\u00e3o demorar no banho, fechar a torneira ao escovar os dentes, n\u00e3o lavar carros e cal\u00e7adas s\u00e3o medidas simples, mas eficazes neste processo\u201d, enfatizou o diretor do SAAE. <\/span><\/p>\n<p style=\"background: white; margin: 0cm 0cm 7.5pt 0cm;\"><span style=\"font-size: 14pt; font-family: verdana, geneva, sans-serif;\">A popula\u00e7\u00e3o pode acompanhar a medi\u00e7\u00e3o do n\u00edvel do Rio Doce pelo site da Prefeitura http:\/\/www.valadares.mg.gov.br\/principal e tamb\u00e9m pelo site do SAAE http:\/\/www.saaegv.com.br\/principal . Ela \u00e9 atualizada diariamente. (fonte\/foto:SAAE\/GV).<\/span><\/p>\n<p style=\"background: white; margin: 0cm 0cm 7.5pt 0cm;\"><span style=\"font-size: 10pt;\">ESPA\u00c7O EMPRESARIAL<\/span><a href=\"https:\/\/www.facebook.com\/esteticistapatriciakarla?hc_ref=ARTRLla5NWzFR9As7pFhvjpUZM7NbqisWdJzWAYI0A3hB0_PPbvfdsWq2KrDLR_IF-8&amp;fref=nf\"><img loading=\"lazy\" class=\"alignnone size-full wp-image-34128\" src=\"http:\/\/www.portalmantena.com.br\/novo\/wp-content\/uploads\/2018\/05\/estetica010818.jpg\" alt=\"\" width=\"700\" height=\"150\" srcset=\"http:\/\/www.portalmantena.com.br\/novo\/wp-content\/uploads\/2018\/05\/estetica010818.jpg 700w, http:\/\/www.portalmantena.com.br\/novo\/wp-content\/uploads\/2018\/05\/estetica010818-300x64.jpg 300w, http:\/\/www.portalmantena.com.br\/novo\/wp-content\/uploads\/2018\/05\/estetica010818-696x150.jpg 696w\" sizes=\"(max-width: 700px) 100vw, 700px\" \/><\/a><\/p>\n","protected":false},"excerpt":{"rendered":"<p>O per\u00edodo de estiagem, que geralmente ocorre entre os meses de setembro a novembro em Governador Valadares, chegou um m\u00eas antes do previsto este ano. Estamos no in\u00edcio de agosto e o n\u00edvel do Rio Doce j\u00e1 apresenta baixo volume de \u00e1gua. No entanto, o Servi\u00e7o Aut\u00f4nomo de \u00c1gua e Esgoto (SAAE) vem adotando medidas [&hellip;]<\/p>\n","protected":false},"author":1,"featured_media":34186,"comment_status":"open","ping_status":"open","sticky":false,"template":"","format":"standard","meta":[],"categories":[11,39],"tags":[],"_links":{"self":[{"href":"http:\/\/www.portalmantena.com.br\/novo\/index.php?rest_route=\/wp\/v2\/posts\/34185"}],"collection":[{"href":"http:\/\/www.portalmantena.com.br\/novo\/index.php?rest_route=\/wp\/v2\/posts"}],"about":[{"href":"http:\/\/www.portalmantena.com.br\/novo\/index.php?rest_route=\/wp\/v2\/types\/post"}],"author":[{"embeddable":true,"href":"http:\/\/www.portalmantena.com.br\/novo\/index.php?rest_route=\/wp\/v2\/users\/1"}],"replies":[{"embeddable":true,"href":"http:\/\/www.portalmantena.com.br\/novo\/index.php?rest_route=%2Fwp%2Fv2%2Fcomments&post=34185"}],"version-history":[{"count":2,"href":"http:\/\/www.portalmantena.com.br\/novo\/index.php?rest_route=\/wp\/v2\/posts\/34185\/revisions"}],"predecessor-version":[{"id":34195,"href":"http:\/\/www.portalmantena.com.br\/novo\/index.php?rest_route=\/wp\/v2\/posts\/34185\/revisions\/34195"}],"wp:featuredmedia":[{"embeddable":true,"href":"http:\/\/www.portalmantena.com.br\/novo\/index.php?rest_route=\/wp\/v2\/media\/34186"}],"wp:attachment":[{"href":"http:\/\/www.portalmantena.com.br\/novo\/index.php?rest_route=%2Fwp%2Fv2%2Fmedia&parent=34185"}],"wp:term":[{"taxonomy":"category","embeddable":true,"href":"http:\/\/www.portalmantena.com.br\/novo\/index.php?rest_route=%2Fwp%2Fv2%2Fcategories&post=34185"},{"taxonomy":"post_tag","embeddable":true,"href":"http:\/\/www.portalmantena.com.br\/novo\/index.php?rest_route=%2Fwp%2Fv2%2Ftags&post=34185"}],"curies":[{"name":"wp","href":"https:\/\/api.w.org\/{rel}","templated":true}]}}