{"id":33771,"date":"2018-07-30T08:13:22","date_gmt":"2018-07-30T11:13:22","guid":{"rendered":"http:\/\/www.portalmantena.com.br\/novo\/?p=33771"},"modified":"2018-07-30T08:13:22","modified_gmt":"2018-07-30T11:13:22","slug":"pm-recebe-drone-como-reforco-no-combate-ao-crime","status":"publish","type":"post","link":"http:\/\/www.portalmantena.com.br\/novo\/?p=33771","title":{"rendered":"PM recebe Drone como refor\u00e7o no combate ao crime"},"content":{"rendered":"<p><a href=\"http:\/\/www.portalmantena.com.br\/novo\/wp-content\/uploads\/2018\/07\/no300718drone1.jpg\"><img loading=\"lazy\" class=\"alignnone size-full wp-image-33772\" src=\"http:\/\/www.portalmantena.com.br\/novo\/wp-content\/uploads\/2018\/07\/no300718drone1.jpg\" alt=\"\" width=\"700\" height=\"450\" srcset=\"http:\/\/www.portalmantena.com.br\/novo\/wp-content\/uploads\/2018\/07\/no300718drone1.jpg 700w, http:\/\/www.portalmantena.com.br\/novo\/wp-content\/uploads\/2018\/07\/no300718drone1-300x193.jpg 300w, http:\/\/www.portalmantena.com.br\/novo\/wp-content\/uploads\/2018\/07\/no300718drone1-696x447.jpg 696w, http:\/\/www.portalmantena.com.br\/novo\/wp-content\/uploads\/2018\/07\/no300718drone1-653x420.jpg 653w\" sizes=\"(max-width: 700px) 100vw, 700px\" \/><\/a><\/p>\n<p><span style=\"font-size: 14pt;\">Nesta \u00faltima sexta-feira (27), a Pol\u00edcia Militar do Esp\u00edrito Santo recebeu mais uma importante ferramenta no combate ao crime, durante reuni\u00e3o estrat\u00e9gica no campus da Universidade Federal do Esp\u00edrito Santo (Ufes), em S\u00e3o Mateus. <\/span><\/p>\n<p><span style=\"font-size: 14pt;\">Durante o encontro foi assinado um Termo de Comodato em que a Ufes cedeu um drone para a Pol\u00edcia Militar potencializar suas a\u00e7\u00f5es no munic\u00edpio. <\/span><\/p>\n<p><span style=\"font-size: 14pt;\">Participaram da reuni\u00e3o o secret\u00e1rio de Seguran\u00e7a P\u00fablica, Nylton Rodrigues, o comandante-geral da PMES, coronel Alexandre Ofranti Ramalho, a corregedora da Pol\u00edcia Civil, Fabiana Maioral, comandantes e delegados locais, al\u00e9m da sociedade civil organizada. <\/span><\/p>\n<p><span style=\"font-size: 14pt;\">Na oportunidade foram avaliados os dados estat\u00edsticos da Regi\u00e3o Norte e apontados encaminhamentos para a Seguran\u00e7a P\u00fablica. O coronel Ramalho fez quest\u00e3o de agradecer a integra\u00e7\u00e3o dos \u00f3rg\u00e3os de seguran\u00e7a e a participa\u00e7\u00e3o da Universidade nas discuss\u00f5es.<\/span><\/p>\n<p><span style=\"font-size: 14pt;\"> \u201c\u00c9 muito importante que a academia esteja conosco nesse processo de seguran\u00e7a p\u00fablica, entendendo os desafios que todos os profissionais que est\u00e3o nessa mesa enfrentam diariamente. <\/span><\/p>\n<p><span style=\"font-size: 14pt;\">A academia conosco nos d\u00e1 um suporte muito grande para que a gente alcance resultados ainda mais positivos\u201d, salientou o comandante-geral. (fonte\/foto:PM).<\/span><\/p>\n<p><a href=\"http:\/\/www.portalmantena.com.br\/novo\/wp-content\/uploads\/2018\/07\/no300718drone2.jpg\"><img loading=\"lazy\" class=\"alignnone size-full wp-image-33773\" src=\"http:\/\/www.portalmantena.com.br\/novo\/wp-content\/uploads\/2018\/07\/no300718drone2.jpg\" alt=\"\" width=\"700\" height=\"450\" srcset=\"http:\/\/www.portalmantena.com.br\/novo\/wp-content\/uploads\/2018\/07\/no300718drone2.jpg 700w, http:\/\/www.portalmantena.com.br\/novo\/wp-content\/uploads\/2018\/07\/no300718drone2-300x193.jpg 300w, http:\/\/www.portalmantena.com.br\/novo\/wp-content\/uploads\/2018\/07\/no300718drone2-696x447.jpg 696w, http:\/\/www.portalmantena.com.br\/novo\/wp-content\/uploads\/2018\/07\/no300718drone2-653x420.jpg 653w\" sizes=\"(max-width: 700px) 100vw, 700px\" \/><\/a><\/p>\n<p>&nbsp;<\/p>\n<p><span style=\"font-size: 10pt;\">ESPA\u00c7O EMPRESARIAL<\/span><a href=\"http:\/\/www.molvw.com.br\/\"><img loading=\"lazy\" class=\"alignnone size-full wp-image-29504\" src=\"http:\/\/www.portalmantena.com.br\/novo\/wp-content\/uploads\/2018\/05\/molvolkswagen.jpg\" alt=\"\" width=\"700\" height=\"150\" srcset=\"http:\/\/www.portalmantena.com.br\/novo\/wp-content\/uploads\/2018\/05\/molvolkswagen.jpg 700w, http:\/\/www.portalmantena.com.br\/novo\/wp-content\/uploads\/2018\/05\/molvolkswagen-300x64.jpg 300w, http:\/\/www.portalmantena.com.br\/novo\/wp-content\/uploads\/2018\/05\/molvolkswagen-696x150.jpg 696w\" sizes=\"(max-width: 700px) 100vw, 700px\" \/><\/a><\/p>\n","protected":false},"excerpt":{"rendered":"<p>Nesta \u00faltima sexta-feira (27), a Pol\u00edcia Militar do Esp\u00edrito Santo recebeu mais uma importante ferramenta no combate ao crime, durante reuni\u00e3o estrat\u00e9gica no campus da Universidade Federal do Esp\u00edrito Santo (Ufes), em S\u00e3o Mateus. Durante o encontro foi assinado um Termo de Comodato em que a Ufes cedeu um drone para a Pol\u00edcia Militar potencializar [&hellip;]<\/p>\n","protected":false},"author":1,"featured_media":33773,"comment_status":"open","ping_status":"open","sticky":false,"template":"","format":"standard","meta":[],"categories":[11,39],"tags":[],"_links":{"self":[{"href":"http:\/\/www.portalmantena.com.br\/novo\/index.php?rest_route=\/wp\/v2\/posts\/33771"}],"collection":[{"href":"http:\/\/www.portalmantena.com.br\/novo\/index.php?rest_route=\/wp\/v2\/posts"}],"about":[{"href":"http:\/\/www.portalmantena.com.br\/novo\/index.php?rest_route=\/wp\/v2\/types\/post"}],"author":[{"embeddable":true,"href":"http:\/\/www.portalmantena.com.br\/novo\/index.php?rest_route=\/wp\/v2\/users\/1"}],"replies":[{"embeddable":true,"href":"http:\/\/www.portalmantena.com.br\/novo\/index.php?rest_route=%2Fwp%2Fv2%2Fcomments&post=33771"}],"version-history":[{"count":1,"href":"http:\/\/www.portalmantena.com.br\/novo\/index.php?rest_route=\/wp\/v2\/posts\/33771\/revisions"}],"predecessor-version":[{"id":33774,"href":"http:\/\/www.portalmantena.com.br\/novo\/index.php?rest_route=\/wp\/v2\/posts\/33771\/revisions\/33774"}],"wp:featuredmedia":[{"embeddable":true,"href":"http:\/\/www.portalmantena.com.br\/novo\/index.php?rest_route=\/wp\/v2\/media\/33773"}],"wp:attachment":[{"href":"http:\/\/www.portalmantena.com.br\/novo\/index.php?rest_route=%2Fwp%2Fv2%2Fmedia&parent=33771"}],"wp:term":[{"taxonomy":"category","embeddable":true,"href":"http:\/\/www.portalmantena.com.br\/novo\/index.php?rest_route=%2Fwp%2Fv2%2Fcategories&post=33771"},{"taxonomy":"post_tag","embeddable":true,"href":"http:\/\/www.portalmantena.com.br\/novo\/index.php?rest_route=%2Fwp%2Fv2%2Ftags&post=33771"}],"curies":[{"name":"wp","href":"https:\/\/api.w.org\/{rel}","templated":true}]}}