{"id":33767,"date":"2018-07-30T08:07:33","date_gmt":"2018-07-30T11:07:33","guid":{"rendered":"http:\/\/www.portalmantena.com.br\/novo\/?p=33767"},"modified":"2018-07-30T08:07:33","modified_gmt":"2018-07-30T11:07:33","slug":"moto-roubada-e-recuperada-dois-sao-detidos-pela-pm","status":"publish","type":"post","link":"http:\/\/www.portalmantena.com.br\/novo\/?p=33767","title":{"rendered":"Moto roubada \u00e9 recuperada, dois s\u00e3o detidos pela PM"},"content":{"rendered":"<p><a href=\"http:\/\/www.portalmantena.com.br\/novo\/wp-content\/uploads\/2018\/07\/no300718moto.jpg\"><img loading=\"lazy\" class=\"alignnone size-full wp-image-33769\" src=\"http:\/\/www.portalmantena.com.br\/novo\/wp-content\/uploads\/2018\/07\/no300718moto.jpg\" alt=\"\" width=\"700\" height=\"450\" srcset=\"http:\/\/www.portalmantena.com.br\/novo\/wp-content\/uploads\/2018\/07\/no300718moto.jpg 700w, http:\/\/www.portalmantena.com.br\/novo\/wp-content\/uploads\/2018\/07\/no300718moto-300x193.jpg 300w, http:\/\/www.portalmantena.com.br\/novo\/wp-content\/uploads\/2018\/07\/no300718moto-696x447.jpg 696w, http:\/\/www.portalmantena.com.br\/novo\/wp-content\/uploads\/2018\/07\/no300718moto-653x420.jpg 653w\" sizes=\"(max-width: 700px) 100vw, 700px\" \/><\/a><\/p>\n<p><span style=\"font-size: 14pt;\">Na madrugada da \u00faltima sexta-feira (27) na cidade de Nova Ven\u00e9cia\/ES, foi deflagrada pelos Militares do 2\u00ba Batalh\u00e3o uma opera\u00e7\u00e3o policial que resultou na pris\u00e3o de dois homens e apreens\u00e3o de drogas e de uma motocicleta Honda\/NXR 150 Bros, produto de furto\/roubo. <\/span><\/p>\n<p><span style=\"font-size: 14pt;\">A a\u00e7\u00e3o policial foi realizada na zona rural do munic\u00edpio de Nova Ven\u00e9cia. De acordo com o Major Jefson Coelho Correia, que est\u00e1 respondendo pelo Comando do 2\u00ba BPM, durante a opera\u00e7\u00e3o foram cumpridos 10 mandados de busca e apreens\u00e3o expedidos pelo poder judici\u00e1rio local, ap\u00f3s levantamentos realizados pelos Agentes do Servi\u00e7o de Intelig\u00eancia (P2) em torno do tr\u00e1fico de drogas na regi\u00e3o,\u00a0a a\u00e7\u00e3o policial contou com Militares do Servi\u00e7o de Intelig\u00eancia, da For\u00e7a T\u00e1tica e da Radiopatrulha da Unidade. <\/span><\/p>\n<p><span style=\"font-size: 14pt;\">Um dos detidos \u00e9 suspeito de ter participado de um confronto com Policiais no Distrito de Nestor Gomes, em S\u00e3o Mateus. Os acusados, um de 24 e outro de 23 anos, foram encaminhados com os materiais apreendidos \u00e0 Delegacia de Pol\u00edcia Civil de Nova Ven\u00e9cia. (fonte\/foto:PM).<\/span><\/p>\n<p>&nbsp;<\/p>\n<p><span style=\"font-size: 10pt;\">ESPA\u00c7O EMPRESARIAL<\/span><a href=\"https:\/\/www.facebook.com\/redevalente\/\"><img loading=\"lazy\" class=\"alignnone size-full wp-image-29188\" src=\"http:\/\/www.portalmantena.com.br\/novo\/wp-content\/uploads\/2018\/05\/valentefaixa.jpg\" alt=\"\" width=\"700\" height=\"150\" srcset=\"http:\/\/www.portalmantena.com.br\/novo\/wp-content\/uploads\/2018\/05\/valentefaixa.jpg 700w, http:\/\/www.portalmantena.com.br\/novo\/wp-content\/uploads\/2018\/05\/valentefaixa-300x64.jpg 300w, http:\/\/www.portalmantena.com.br\/novo\/wp-content\/uploads\/2018\/05\/valentefaixa-696x150.jpg 696w\" sizes=\"(max-width: 700px) 100vw, 700px\" \/><\/a><\/p>\n","protected":false},"excerpt":{"rendered":"<p>Na madrugada da \u00faltima sexta-feira (27) na cidade de Nova Ven\u00e9cia\/ES, foi deflagrada pelos Militares do 2\u00ba Batalh\u00e3o uma opera\u00e7\u00e3o policial que resultou na pris\u00e3o de dois homens e apreens\u00e3o de drogas e de uma motocicleta Honda\/NXR 150 Bros, produto de furto\/roubo. A a\u00e7\u00e3o policial foi realizada na zona rural do munic\u00edpio de Nova Ven\u00e9cia. [&hellip;]<\/p>\n","protected":false},"author":1,"featured_media":33769,"comment_status":"open","ping_status":"open","sticky":false,"template":"","format":"standard","meta":[],"categories":[11,34],"tags":[],"_links":{"self":[{"href":"http:\/\/www.portalmantena.com.br\/novo\/index.php?rest_route=\/wp\/v2\/posts\/33767"}],"collection":[{"href":"http:\/\/www.portalmantena.com.br\/novo\/index.php?rest_route=\/wp\/v2\/posts"}],"about":[{"href":"http:\/\/www.portalmantena.com.br\/novo\/index.php?rest_route=\/wp\/v2\/types\/post"}],"author":[{"embeddable":true,"href":"http:\/\/www.portalmantena.com.br\/novo\/index.php?rest_route=\/wp\/v2\/users\/1"}],"replies":[{"embeddable":true,"href":"http:\/\/www.portalmantena.com.br\/novo\/index.php?rest_route=%2Fwp%2Fv2%2Fcomments&post=33767"}],"version-history":[{"count":1,"href":"http:\/\/www.portalmantena.com.br\/novo\/index.php?rest_route=\/wp\/v2\/posts\/33767\/revisions"}],"predecessor-version":[{"id":33770,"href":"http:\/\/www.portalmantena.com.br\/novo\/index.php?rest_route=\/wp\/v2\/posts\/33767\/revisions\/33770"}],"wp:featuredmedia":[{"embeddable":true,"href":"http:\/\/www.portalmantena.com.br\/novo\/index.php?rest_route=\/wp\/v2\/media\/33769"}],"wp:attachment":[{"href":"http:\/\/www.portalmantena.com.br\/novo\/index.php?rest_route=%2Fwp%2Fv2%2Fmedia&parent=33767"}],"wp:term":[{"taxonomy":"category","embeddable":true,"href":"http:\/\/www.portalmantena.com.br\/novo\/index.php?rest_route=%2Fwp%2Fv2%2Fcategories&post=33767"},{"taxonomy":"post_tag","embeddable":true,"href":"http:\/\/www.portalmantena.com.br\/novo\/index.php?rest_route=%2Fwp%2Fv2%2Ftags&post=33767"}],"curies":[{"name":"wp","href":"https:\/\/api.w.org\/{rel}","templated":true}]}}