{"id":33681,"date":"2018-07-28T04:34:37","date_gmt":"2018-07-28T07:34:37","guid":{"rendered":"http:\/\/www.portalmantena.com.br\/novo\/?p=33681"},"modified":"2018-07-31T10:38:27","modified_gmt":"2018-07-31T13:38:27","slug":"defesa-civil-de-bsf-realiza-projeto-de-protecao-a-encosta","status":"publish","type":"post","link":"http:\/\/www.portalmantena.com.br\/novo\/?p=33681","title":{"rendered":"Defesa Civil de BSF realiza projeto de prote\u00e7\u00e3o a encosta"},"content":{"rendered":"<p><a href=\"http:\/\/www.portalmantena.com.br\/novo\/wp-content\/uploads\/2018\/07\/no270718bsf1.jpg\"><img loading=\"lazy\" class=\"alignnone size-full wp-image-33682\" src=\"http:\/\/www.portalmantena.com.br\/novo\/wp-content\/uploads\/2018\/07\/no270718bsf1.jpg\" alt=\"\" width=\"700\" height=\"450\" srcset=\"http:\/\/www.portalmantena.com.br\/novo\/wp-content\/uploads\/2018\/07\/no270718bsf1.jpg 700w, http:\/\/www.portalmantena.com.br\/novo\/wp-content\/uploads\/2018\/07\/no270718bsf1-300x193.jpg 300w, http:\/\/www.portalmantena.com.br\/novo\/wp-content\/uploads\/2018\/07\/no270718bsf1-696x447.jpg 696w, http:\/\/www.portalmantena.com.br\/novo\/wp-content\/uploads\/2018\/07\/no270718bsf1-653x420.jpg 653w\" sizes=\"(max-width: 700px) 100vw, 700px\" \/><\/a><\/p>\n<p><span style=\"font-size: 14pt;\">Depois de elaborar projetos de estabiliza\u00e7\u00e3o de encostas em \u00e1reas consideradas de risco no munic\u00edpio de Barra de S\u00e3o Francisco, a Defesa Civil Municipal tirou do papel as id\u00e9ias e nesta sexta-feira dia 27 de Julho, o primeiro projeto indicado pelo prefeito municipal Alencar Marim, foi direcionado para a encosta que contorna o Centro Municipal de Educa\u00e7\u00e3o Infantil (CEMEI) &#8211; em constru\u00e7\u00e3o, no bairro Irm\u00e3os Fernandes. <\/span><\/p>\n<p><span style=\"font-size: 14pt;\">Segundo informa\u00e7\u00f5es, na pr\u00f3xima semana, ser\u00e1 apresentado de perto a execu\u00e7\u00e3o do servi\u00e7o e as vantagens da modalidade, que desperta curiosidade. (fonte\/foto:redesocial\/whatsapp).<\/span><\/p>\n<p><a href=\"http:\/\/www.portalmantena.com.br\/novo\/wp-content\/uploads\/2018\/07\/no270718bsf2.jpg\"><img loading=\"lazy\" class=\"alignnone size-full wp-image-33683\" src=\"http:\/\/www.portalmantena.com.br\/novo\/wp-content\/uploads\/2018\/07\/no270718bsf2.jpg\" alt=\"\" width=\"700\" height=\"450\" srcset=\"http:\/\/www.portalmantena.com.br\/novo\/wp-content\/uploads\/2018\/07\/no270718bsf2.jpg 700w, http:\/\/www.portalmantena.com.br\/novo\/wp-content\/uploads\/2018\/07\/no270718bsf2-300x193.jpg 300w, http:\/\/www.portalmantena.com.br\/novo\/wp-content\/uploads\/2018\/07\/no270718bsf2-696x447.jpg 696w, http:\/\/www.portalmantena.com.br\/novo\/wp-content\/uploads\/2018\/07\/no270718bsf2-653x420.jpg 653w\" sizes=\"(max-width: 700px) 100vw, 700px\" \/><\/a><\/p>\n<p>&nbsp;<\/p>\n<p><span style=\"font-size: 10pt;\">ESPA\u00c7O EMPRESARIAL<\/span><a href=\"http:\/\/www.portalmantena.com.br\/novo\/wp-content\/uploads\/2018\/05\/cafebonzonfaixa.jpg\"><img loading=\"lazy\" class=\"alignnone size-full wp-image-29162\" src=\"http:\/\/www.portalmantena.com.br\/novo\/wp-content\/uploads\/2018\/05\/cafebonzonfaixa.jpg\" alt=\"\" width=\"700\" height=\"150\" srcset=\"http:\/\/www.portalmantena.com.br\/novo\/wp-content\/uploads\/2018\/05\/cafebonzonfaixa.jpg 700w, http:\/\/www.portalmantena.com.br\/novo\/wp-content\/uploads\/2018\/05\/cafebonzonfaixa-300x64.jpg 300w, http:\/\/www.portalmantena.com.br\/novo\/wp-content\/uploads\/2018\/05\/cafebonzonfaixa-696x150.jpg 696w\" sizes=\"(max-width: 700px) 100vw, 700px\" \/><\/a><\/p>\n","protected":false},"excerpt":{"rendered":"<p>Depois de elaborar projetos de estabiliza\u00e7\u00e3o de encostas em \u00e1reas consideradas de risco no munic\u00edpio de Barra de S\u00e3o Francisco, a Defesa Civil Municipal tirou do papel as id\u00e9ias e nesta sexta-feira dia 27 de Julho, o primeiro projeto indicado pelo prefeito municipal Alencar Marim, foi direcionado para a encosta que contorna o Centro Municipal [&hellip;]<\/p>\n","protected":false},"author":1,"featured_media":33682,"comment_status":"open","ping_status":"open","sticky":false,"template":"","format":"standard","meta":[],"categories":[69,39],"tags":[],"_links":{"self":[{"href":"http:\/\/www.portalmantena.com.br\/novo\/index.php?rest_route=\/wp\/v2\/posts\/33681"}],"collection":[{"href":"http:\/\/www.portalmantena.com.br\/novo\/index.php?rest_route=\/wp\/v2\/posts"}],"about":[{"href":"http:\/\/www.portalmantena.com.br\/novo\/index.php?rest_route=\/wp\/v2\/types\/post"}],"author":[{"embeddable":true,"href":"http:\/\/www.portalmantena.com.br\/novo\/index.php?rest_route=\/wp\/v2\/users\/1"}],"replies":[{"embeddable":true,"href":"http:\/\/www.portalmantena.com.br\/novo\/index.php?rest_route=%2Fwp%2Fv2%2Fcomments&post=33681"}],"version-history":[{"count":1,"href":"http:\/\/www.portalmantena.com.br\/novo\/index.php?rest_route=\/wp\/v2\/posts\/33681\/revisions"}],"predecessor-version":[{"id":33684,"href":"http:\/\/www.portalmantena.com.br\/novo\/index.php?rest_route=\/wp\/v2\/posts\/33681\/revisions\/33684"}],"wp:featuredmedia":[{"embeddable":true,"href":"http:\/\/www.portalmantena.com.br\/novo\/index.php?rest_route=\/wp\/v2\/media\/33682"}],"wp:attachment":[{"href":"http:\/\/www.portalmantena.com.br\/novo\/index.php?rest_route=%2Fwp%2Fv2%2Fmedia&parent=33681"}],"wp:term":[{"taxonomy":"category","embeddable":true,"href":"http:\/\/www.portalmantena.com.br\/novo\/index.php?rest_route=%2Fwp%2Fv2%2Fcategories&post=33681"},{"taxonomy":"post_tag","embeddable":true,"href":"http:\/\/www.portalmantena.com.br\/novo\/index.php?rest_route=%2Fwp%2Fv2%2Ftags&post=33681"}],"curies":[{"name":"wp","href":"https:\/\/api.w.org\/{rel}","templated":true}]}}