{"id":33663,"date":"2018-07-29T10:14:28","date_gmt":"2018-07-29T13:14:28","guid":{"rendered":"http:\/\/www.portalmantena.com.br\/novo\/?p=33663"},"modified":"2018-07-30T08:01:20","modified_gmt":"2018-07-30T11:01:20","slug":"comunicado-aulas-no-municipio-retornaram-na-quarta-feira","status":"publish","type":"post","link":"http:\/\/www.portalmantena.com.br\/novo\/?p=33663","title":{"rendered":"COMUNICADO, Aulas no munic\u00edpio retornar\u00e3o na quarta-feira"},"content":{"rendered":"<p><a href=\"http:\/\/www.portalmantena.com.br\/novo\/wp-content\/uploads\/2018\/07\/no270718escola.jpg\"><img loading=\"lazy\" class=\"alignnone size-full wp-image-33664\" src=\"http:\/\/www.portalmantena.com.br\/novo\/wp-content\/uploads\/2018\/07\/no270718escola.jpg\" alt=\"\" width=\"700\" height=\"450\" srcset=\"http:\/\/www.portalmantena.com.br\/novo\/wp-content\/uploads\/2018\/07\/no270718escola.jpg 700w, http:\/\/www.portalmantena.com.br\/novo\/wp-content\/uploads\/2018\/07\/no270718escola-300x193.jpg 300w, http:\/\/www.portalmantena.com.br\/novo\/wp-content\/uploads\/2018\/07\/no270718escola-696x447.jpg 696w, http:\/\/www.portalmantena.com.br\/novo\/wp-content\/uploads\/2018\/07\/no270718escola-653x420.jpg 653w\" sizes=\"(max-width: 700px) 100vw, 700px\" \/><\/a><\/p>\n<p><span style=\"font-size: 14pt;\">Um comunicado foi divulgado nesta sexta-feira dia 27 de Julho pela Secret\u00e1ria Municipal de Educa\u00e7\u00e3o de Mantena, Sra. Creuza Muniz Pereira, direcionado aos pais de alunos e servidores da Educa\u00e7\u00e3o Municipal. <\/span><\/p>\n<p><span style=\"font-size: 14pt;\">De acordo com o Comunicado, as aulas no munic\u00edpio s\u00f3 retornar\u00e3o no dia 1\u00ba de Agosto, pr\u00f3xima quarta-feira, por motivo de Reparos nas Escolas e Adequa\u00e7\u00f5es no Plano de A\u00e7\u00e3o da Secretaria. <\/span><\/p>\n<p><span style=\"font-size: 14pt;\">A Secret\u00e1ria aproveita para agradecer a colabora\u00e7\u00e3o e conta com a compreens\u00e3o de todos.<\/span><\/p>\n<p>&nbsp;<\/p>\n<p><span style=\"font-size: 10pt;\">ESPA\u00c7O EMPRESARIAL<\/span><a href=\"http:\/\/www.portalmantena.com.br\/novo\/wp-content\/uploads\/2018\/05\/postoterraboa.jpg\"><img loading=\"lazy\" class=\"alignnone size-full wp-image-29172\" src=\"http:\/\/www.portalmantena.com.br\/novo\/wp-content\/uploads\/2018\/05\/postoterraboa.jpg\" alt=\"\" width=\"700\" height=\"150\" srcset=\"http:\/\/www.portalmantena.com.br\/novo\/wp-content\/uploads\/2018\/05\/postoterraboa.jpg 700w, http:\/\/www.portalmantena.com.br\/novo\/wp-content\/uploads\/2018\/05\/postoterraboa-300x64.jpg 300w, http:\/\/www.portalmantena.com.br\/novo\/wp-content\/uploads\/2018\/05\/postoterraboa-696x150.jpg 696w\" sizes=\"(max-width: 700px) 100vw, 700px\" \/><\/a><\/p>\n","protected":false},"excerpt":{"rendered":"<p>Um comunicado foi divulgado nesta sexta-feira dia 27 de Julho pela Secret\u00e1ria Municipal de Educa\u00e7\u00e3o de Mantena, Sra. Creuza Muniz Pereira, direcionado aos pais de alunos e servidores da Educa\u00e7\u00e3o Municipal. De acordo com o Comunicado, as aulas no munic\u00edpio s\u00f3 retornar\u00e3o no dia 1\u00ba de Agosto, pr\u00f3xima quarta-feira, por motivo de Reparos nas Escolas [&hellip;]<\/p>\n","protected":false},"author":1,"featured_media":33664,"comment_status":"open","ping_status":"open","sticky":false,"template":"","format":"standard","meta":[],"categories":[36,12],"tags":[],"_links":{"self":[{"href":"http:\/\/www.portalmantena.com.br\/novo\/index.php?rest_route=\/wp\/v2\/posts\/33663"}],"collection":[{"href":"http:\/\/www.portalmantena.com.br\/novo\/index.php?rest_route=\/wp\/v2\/posts"}],"about":[{"href":"http:\/\/www.portalmantena.com.br\/novo\/index.php?rest_route=\/wp\/v2\/types\/post"}],"author":[{"embeddable":true,"href":"http:\/\/www.portalmantena.com.br\/novo\/index.php?rest_route=\/wp\/v2\/users\/1"}],"replies":[{"embeddable":true,"href":"http:\/\/www.portalmantena.com.br\/novo\/index.php?rest_route=%2Fwp%2Fv2%2Fcomments&post=33663"}],"version-history":[{"count":3,"href":"http:\/\/www.portalmantena.com.br\/novo\/index.php?rest_route=\/wp\/v2\/posts\/33663\/revisions"}],"predecessor-version":[{"id":33667,"href":"http:\/\/www.portalmantena.com.br\/novo\/index.php?rest_route=\/wp\/v2\/posts\/33663\/revisions\/33667"}],"wp:featuredmedia":[{"embeddable":true,"href":"http:\/\/www.portalmantena.com.br\/novo\/index.php?rest_route=\/wp\/v2\/media\/33664"}],"wp:attachment":[{"href":"http:\/\/www.portalmantena.com.br\/novo\/index.php?rest_route=%2Fwp%2Fv2%2Fmedia&parent=33663"}],"wp:term":[{"taxonomy":"category","embeddable":true,"href":"http:\/\/www.portalmantena.com.br\/novo\/index.php?rest_route=%2Fwp%2Fv2%2Fcategories&post=33663"},{"taxonomy":"post_tag","embeddable":true,"href":"http:\/\/www.portalmantena.com.br\/novo\/index.php?rest_route=%2Fwp%2Fv2%2Ftags&post=33663"}],"curies":[{"name":"wp","href":"https:\/\/api.w.org\/{rel}","templated":true}]}}