{"id":33600,"date":"2018-07-26T13:18:21","date_gmt":"2018-07-26T16:18:21","guid":{"rendered":"http:\/\/www.portalmantena.com.br\/novo\/?p=33600"},"modified":"2018-07-27T07:57:03","modified_gmt":"2018-07-27T10:57:03","slug":"faleceu-em-mantena-dona-otilia-costa-ferreira","status":"publish","type":"post","link":"http:\/\/www.portalmantena.com.br\/novo\/?p=33600","title":{"rendered":"Faleceu em Mantena, dona Ot\u00edlia Costa Ferreira"},"content":{"rendered":"<p><a href=\"http:\/\/www.portalmantena.com.br\/novo\/wp-content\/uploads\/2018\/07\/no260718otilia.jpg\"><img loading=\"lazy\" class=\"alignnone size-full wp-image-33601\" src=\"http:\/\/www.portalmantena.com.br\/novo\/wp-content\/uploads\/2018\/07\/no260718otilia.jpg\" alt=\"\" width=\"700\" height=\"450\" srcset=\"http:\/\/www.portalmantena.com.br\/novo\/wp-content\/uploads\/2018\/07\/no260718otilia.jpg 700w, http:\/\/www.portalmantena.com.br\/novo\/wp-content\/uploads\/2018\/07\/no260718otilia-300x193.jpg 300w, http:\/\/www.portalmantena.com.br\/novo\/wp-content\/uploads\/2018\/07\/no260718otilia-696x447.jpg 696w, http:\/\/www.portalmantena.com.br\/novo\/wp-content\/uploads\/2018\/07\/no260718otilia-653x420.jpg 653w\" sizes=\"(max-width: 700px) 100vw, 700px\" \/><\/a><\/p>\n<p><span style=\"font-size: 14pt;\">Faleceu por volta das 10hs da manh\u00e3 desta quinta-feira dia 26 de Julho em Mantena, aos 79 anos, dona Ot\u00edlia Costa Ferreira, esposa do conhecido Sr. Coquinho. <\/span><\/p>\n<p><span style=\"font-size: 14pt;\">Segundo informa\u00e7\u00f5es ela estava internada no hospital Evang\u00e9lico em Mantena, ap\u00f3s ter se sentido mal no \u00faltimo final da semana. Seu estado de sa\u00fade se agravou, quando na manh\u00e3 desta quinta-feira, veio a falecer. <\/span><\/p>\n<p><span style=\"font-size: 14pt;\">Dona Ot\u00edlia, completaria 80 anos no pr\u00f3ximo m\u00eas de agosto. <\/span><\/p>\n<p><span style=\"font-size: 14pt;\">Ela \u00e9 m\u00e3e dos conhecidos Gilmar (Caf\u00e9 Bonzon), Ester, Marquinhos (Transportadora) e Ruth. Uma serva de Deus, pessoa \u00edntegra, m\u00e3e exemplar, uma refer\u00eancia para os amigos e familiares. <\/span><\/p>\n<p><span style=\"font-size: 14pt;\">Membro da Primeira Igreja Batista de Mantena, seu corpo ser\u00e1 velado no templo nesta quinta-feira a partir das 15 horas. <\/span><\/p>\n<p><span style=\"font-size: 14pt;\">O sepultamento acontecer\u00e1 na manh\u00e3 desta sexta (27), \u00e0s 10 horas culto f\u00fanebre e em seguida \u00e0s 11 hs, sepultamento no Cemit\u00e9rio de Vila Nova.<\/span><\/p>\n<p><span style=\"font-size: 14pt;\"> Ficam aqui as boas lembran\u00e7as da presen\u00e7a desta serva de Deus no meio de n\u00f3s. Uma mulher que foi exemplo em seu tempo de vida aqui na terra e que testemunhou as maravilhas de Jesus em sua vida para todos que a cercavam.<\/span><\/p>\n","protected":false},"excerpt":{"rendered":"<p>Faleceu por volta das 10hs da manh\u00e3 desta quinta-feira dia 26 de Julho em Mantena, aos 79 anos, dona Ot\u00edlia Costa Ferreira, esposa do conhecido Sr. Coquinho. Segundo informa\u00e7\u00f5es ela estava internada no hospital Evang\u00e9lico em Mantena, ap\u00f3s ter se sentido mal no \u00faltimo final da semana. Seu estado de sa\u00fade se agravou, quando na [&hellip;]<\/p>\n","protected":false},"author":1,"featured_media":33601,"comment_status":"open","ping_status":"open","sticky":false,"template":"","format":"standard","meta":[],"categories":[36,11],"tags":[],"_links":{"self":[{"href":"http:\/\/www.portalmantena.com.br\/novo\/index.php?rest_route=\/wp\/v2\/posts\/33600"}],"collection":[{"href":"http:\/\/www.portalmantena.com.br\/novo\/index.php?rest_route=\/wp\/v2\/posts"}],"about":[{"href":"http:\/\/www.portalmantena.com.br\/novo\/index.php?rest_route=\/wp\/v2\/types\/post"}],"author":[{"embeddable":true,"href":"http:\/\/www.portalmantena.com.br\/novo\/index.php?rest_route=\/wp\/v2\/users\/1"}],"replies":[{"embeddable":true,"href":"http:\/\/www.portalmantena.com.br\/novo\/index.php?rest_route=%2Fwp%2Fv2%2Fcomments&post=33600"}],"version-history":[{"count":3,"href":"http:\/\/www.portalmantena.com.br\/novo\/index.php?rest_route=\/wp\/v2\/posts\/33600\/revisions"}],"predecessor-version":[{"id":33632,"href":"http:\/\/www.portalmantena.com.br\/novo\/index.php?rest_route=\/wp\/v2\/posts\/33600\/revisions\/33632"}],"wp:featuredmedia":[{"embeddable":true,"href":"http:\/\/www.portalmantena.com.br\/novo\/index.php?rest_route=\/wp\/v2\/media\/33601"}],"wp:attachment":[{"href":"http:\/\/www.portalmantena.com.br\/novo\/index.php?rest_route=%2Fwp%2Fv2%2Fmedia&parent=33600"}],"wp:term":[{"taxonomy":"category","embeddable":true,"href":"http:\/\/www.portalmantena.com.br\/novo\/index.php?rest_route=%2Fwp%2Fv2%2Fcategories&post=33600"},{"taxonomy":"post_tag","embeddable":true,"href":"http:\/\/www.portalmantena.com.br\/novo\/index.php?rest_route=%2Fwp%2Fv2%2Ftags&post=33600"}],"curies":[{"name":"wp","href":"https:\/\/api.w.org\/{rel}","templated":true}]}}