{"id":33585,"date":"2018-07-27T06:16:36","date_gmt":"2018-07-27T09:16:36","guid":{"rendered":"http:\/\/www.portalmantena.com.br\/novo\/?p=33585"},"modified":"2018-07-26T10:29:04","modified_gmt":"2018-07-26T13:29:04","slug":"prisoes-e-apreensoes-de-drogas-marcaram-a-semana","status":"publish","type":"post","link":"http:\/\/www.portalmantena.com.br\/novo\/?p=33585","title":{"rendered":"Pris\u00f5es e apreens\u00f5es de drogas marcaram a semana"},"content":{"rendered":"<p><a href=\"http:\/\/www.portalmantena.com.br\/novo\/wp-content\/uploads\/2018\/07\/no260718droga1.jpg\"><img loading=\"lazy\" class=\"alignnone size-full wp-image-33589\" src=\"http:\/\/www.portalmantena.com.br\/novo\/wp-content\/uploads\/2018\/07\/no260718droga1.jpg\" alt=\"\" width=\"700\" height=\"450\" srcset=\"http:\/\/www.portalmantena.com.br\/novo\/wp-content\/uploads\/2018\/07\/no260718droga1.jpg 700w, http:\/\/www.portalmantena.com.br\/novo\/wp-content\/uploads\/2018\/07\/no260718droga1-300x193.jpg 300w, http:\/\/www.portalmantena.com.br\/novo\/wp-content\/uploads\/2018\/07\/no260718droga1-696x447.jpg 696w, http:\/\/www.portalmantena.com.br\/novo\/wp-content\/uploads\/2018\/07\/no260718droga1-653x420.jpg 653w\" sizes=\"(max-width: 700px) 100vw, 700px\" \/><\/a><\/p>\n<p><span style=\"font-size: 14pt;\">Na manh\u00e3 desta quarta-feira (25), policiais do 8\u00ba Batalh\u00e3o apreenderam drogas em duas a\u00e7\u00f5es realizadas em bairros da cidade de Colatina. Dois jovens foram detidos e dois adolescentes apreendidos. <\/span><\/p>\n<p><span style=\"font-size: 14pt;\">Todos foram encaminhados ao plant\u00e3o policial local para o registro das ocorr\u00eancias. Por volta de 11 hs, durante patrulhamento pelo bairro Bela Vista, os militares avistaram V.R.N., de 19 anos, em atitude suspeita. <\/span><\/p>\n<p><span style=\"font-size: 14pt;\">Ele ainda fugiu ap\u00f3s perceber que seria abordado, mas logo em seguida foi localizado tentando entrar em uma resid\u00eancia. Na casa estava tamb\u00e9m L.B.N., de 21 anos. <\/span><\/p>\n<p><span style=\"font-size: 14pt;\">No local foram apreendidas 140 pedras e 95 buchas de maconha, material utilizado para o tr\u00e1fico e ainda R$ 393,00 em esp\u00e9cie. J\u00e1 no bairro S\u00e3o Silvano, os policiais abordaram dois adolescentes, um de 14 anos e outro de 17 anos. <\/span><\/p>\n<p><span style=\"font-size: 14pt;\">Na abordagem foram apreendidas 33 pedras de crack, nove buchas e 26 gramas de maconha, e ainda R$136,00 em esp\u00e9cie. (fonte\/foto:PM).<\/span><\/p>\n<p><a href=\"http:\/\/www.portalmantena.com.br\/novo\/wp-content\/uploads\/2018\/07\/no260718droga2.jpg\"><img loading=\"lazy\" class=\"alignnone size-full wp-image-33590\" src=\"http:\/\/www.portalmantena.com.br\/novo\/wp-content\/uploads\/2018\/07\/no260718droga2.jpg\" alt=\"\" width=\"700\" height=\"450\" srcset=\"http:\/\/www.portalmantena.com.br\/novo\/wp-content\/uploads\/2018\/07\/no260718droga2.jpg 700w, http:\/\/www.portalmantena.com.br\/novo\/wp-content\/uploads\/2018\/07\/no260718droga2-300x193.jpg 300w, http:\/\/www.portalmantena.com.br\/novo\/wp-content\/uploads\/2018\/07\/no260718droga2-696x447.jpg 696w, http:\/\/www.portalmantena.com.br\/novo\/wp-content\/uploads\/2018\/07\/no260718droga2-653x420.jpg 653w\" sizes=\"(max-width: 700px) 100vw, 700px\" \/><\/a><\/p>\n<p>&nbsp;<\/p>\n<p><span style=\"font-size: 10pt;\">ESPA\u00c7O EMPRESARIAL<\/span><a href=\"http:\/\/www.portalmantena.com.br\/novo\/wp-content\/uploads\/2018\/05\/cafebonzonfaixa.jpg\"><img loading=\"lazy\" class=\"alignnone size-full wp-image-29162\" src=\"http:\/\/www.portalmantena.com.br\/novo\/wp-content\/uploads\/2018\/05\/cafebonzonfaixa.jpg\" alt=\"\" width=\"700\" height=\"150\" srcset=\"http:\/\/www.portalmantena.com.br\/novo\/wp-content\/uploads\/2018\/05\/cafebonzonfaixa.jpg 700w, http:\/\/www.portalmantena.com.br\/novo\/wp-content\/uploads\/2018\/05\/cafebonzonfaixa-300x64.jpg 300w, http:\/\/www.portalmantena.com.br\/novo\/wp-content\/uploads\/2018\/05\/cafebonzonfaixa-696x150.jpg 696w\" sizes=\"(max-width: 700px) 100vw, 700px\" \/><\/a><\/p>\n","protected":false},"excerpt":{"rendered":"<p>Na manh\u00e3 desta quarta-feira (25), policiais do 8\u00ba Batalh\u00e3o apreenderam drogas em duas a\u00e7\u00f5es realizadas em bairros da cidade de Colatina. Dois jovens foram detidos e dois adolescentes apreendidos. Todos foram encaminhados ao plant\u00e3o policial local para o registro das ocorr\u00eancias. Por volta de 11 hs, durante patrulhamento pelo bairro Bela Vista, os militares avistaram [&hellip;]<\/p>\n","protected":false},"author":1,"featured_media":33590,"comment_status":"open","ping_status":"open","sticky":false,"template":"","format":"standard","meta":[],"categories":[11,34],"tags":[],"_links":{"self":[{"href":"http:\/\/www.portalmantena.com.br\/novo\/index.php?rest_route=\/wp\/v2\/posts\/33585"}],"collection":[{"href":"http:\/\/www.portalmantena.com.br\/novo\/index.php?rest_route=\/wp\/v2\/posts"}],"about":[{"href":"http:\/\/www.portalmantena.com.br\/novo\/index.php?rest_route=\/wp\/v2\/types\/post"}],"author":[{"embeddable":true,"href":"http:\/\/www.portalmantena.com.br\/novo\/index.php?rest_route=\/wp\/v2\/users\/1"}],"replies":[{"embeddable":true,"href":"http:\/\/www.portalmantena.com.br\/novo\/index.php?rest_route=%2Fwp%2Fv2%2Fcomments&post=33585"}],"version-history":[{"count":1,"href":"http:\/\/www.portalmantena.com.br\/novo\/index.php?rest_route=\/wp\/v2\/posts\/33585\/revisions"}],"predecessor-version":[{"id":33591,"href":"http:\/\/www.portalmantena.com.br\/novo\/index.php?rest_route=\/wp\/v2\/posts\/33585\/revisions\/33591"}],"wp:featuredmedia":[{"embeddable":true,"href":"http:\/\/www.portalmantena.com.br\/novo\/index.php?rest_route=\/wp\/v2\/media\/33590"}],"wp:attachment":[{"href":"http:\/\/www.portalmantena.com.br\/novo\/index.php?rest_route=%2Fwp%2Fv2%2Fmedia&parent=33585"}],"wp:term":[{"taxonomy":"category","embeddable":true,"href":"http:\/\/www.portalmantena.com.br\/novo\/index.php?rest_route=%2Fwp%2Fv2%2Fcategories&post=33585"},{"taxonomy":"post_tag","embeddable":true,"href":"http:\/\/www.portalmantena.com.br\/novo\/index.php?rest_route=%2Fwp%2Fv2%2Ftags&post=33585"}],"curies":[{"name":"wp","href":"https:\/\/api.w.org\/{rel}","templated":true}]}}