{"id":33567,"date":"2018-07-26T09:53:46","date_gmt":"2018-07-26T12:53:46","guid":{"rendered":"http:\/\/www.portalmantena.com.br\/novo\/?p=33567"},"modified":"2018-07-27T07:53:10","modified_gmt":"2018-07-27T10:53:10","slug":"energia-solar-mantenenses-aprovaram-e-estao-gerando","status":"publish","type":"post","link":"http:\/\/www.portalmantena.com.br\/novo\/?p=33567","title":{"rendered":"Energia Solar, Mantenenses aprovaram e est\u00e3o gerando economia"},"content":{"rendered":"<p><a href=\"http:\/\/www.portalmantena.com.br\/novo\/wp-content\/uploads\/2018\/07\/no260718energia1.jpg\"><img loading=\"lazy\" class=\"alignnone size-full wp-image-33568\" src=\"http:\/\/www.portalmantena.com.br\/novo\/wp-content\/uploads\/2018\/07\/no260718energia1.jpg\" alt=\"\" width=\"700\" height=\"450\" srcset=\"http:\/\/www.portalmantena.com.br\/novo\/wp-content\/uploads\/2018\/07\/no260718energia1.jpg 700w, http:\/\/www.portalmantena.com.br\/novo\/wp-content\/uploads\/2018\/07\/no260718energia1-300x193.jpg 300w, http:\/\/www.portalmantena.com.br\/novo\/wp-content\/uploads\/2018\/07\/no260718energia1-696x447.jpg 696w, http:\/\/www.portalmantena.com.br\/novo\/wp-content\/uploads\/2018\/07\/no260718energia1-653x420.jpg 653w\" sizes=\"(max-width: 700px) 100vw, 700px\" \/><\/a><\/p>\n<p><span style=\"font-size: 14pt;\">Clientes satisfeitos em Mantena com a instala\u00e7\u00e3o de seu sistema de gera\u00e7\u00e3o de energia el\u00e9trica solar, ali\u00e1s, uma demanda que vem crescendo n\u00e3o s\u00f3 em Mantena mas tamb\u00e9m na regi\u00e3o, pois a economia mensal com a conta de energia el\u00e9trica, vale o investimento. <\/span><\/p>\n<p><span style=\"font-size: 14pt;\">Esta \u00e9 uma conta que fecha, e como diriam estes clientes que j\u00e1 est\u00e3o fazendo os registros deste projeto eficiente, \u201cvale a pena\u201d. <\/span><\/p>\n<p><span style=\"font-size: 14pt;\">A empresa Tempo Solar, uma pioneira em desenvolver esta tecnologia na cidade, j\u00e1 tendo realizado diversos projetos tornando assim este sistema ainda mais conhecido, vem expandindo neg\u00f3cios e atendendo clientes inclusive em v\u00e1rios munic\u00edpios vizinhos \u00e0 Mantena. <\/span><\/p>\n<p><span style=\"font-size: 14pt;\">Os clientes satisfeitos j\u00e1 s\u00e3o muitos, um dos exemplos \u00e9 o advogado mantenense Dr. Davi Vitalino de Souza que j\u00e1 est\u00e1 gerando em m\u00e9dia 420 khw\/m\u00eas, com economia de mais de R$ 400 reais na conta. Lembrando que a energia gerada e n\u00e3o consumida gera um cr\u00e9dito junto \u00e0 concession\u00e1ria que fornece energia el\u00e9trica. <\/span><\/p>\n<p><span style=\"font-size: 14pt;\">Para conhecer este sistema e suas vantagens, bem como realizar um or\u00e7amento vale a pena entrar em contato com um representante <a href=\"https:\/\/www.facebook.com\/emerson.alves.1042\">Emerson Alves, da Tempo Solar<\/a>. <\/span><\/p>\n<p><span style=\"font-size: 14pt;\">Conhe\u00e7a mais sobre este tecnologia que aproveita e beneficia energia limpa em prol da atividade humana.<\/span><\/p>\n<p><a href=\"http:\/\/www.portalmantena.com.br\/novo\/wp-content\/uploads\/2018\/07\/no260718energia4davi.jpg\"><img loading=\"lazy\" class=\"alignnone size-full wp-image-33571\" src=\"http:\/\/www.portalmantena.com.br\/novo\/wp-content\/uploads\/2018\/07\/no260718energia4davi.jpg\" alt=\"\" width=\"700\" height=\"450\" srcset=\"http:\/\/www.portalmantena.com.br\/novo\/wp-content\/uploads\/2018\/07\/no260718energia4davi.jpg 700w, http:\/\/www.portalmantena.com.br\/novo\/wp-content\/uploads\/2018\/07\/no260718energia4davi-300x193.jpg 300w, http:\/\/www.portalmantena.com.br\/novo\/wp-content\/uploads\/2018\/07\/no260718energia4davi-696x447.jpg 696w, http:\/\/www.portalmantena.com.br\/novo\/wp-content\/uploads\/2018\/07\/no260718energia4davi-653x420.jpg 653w\" sizes=\"(max-width: 700px) 100vw, 700px\" \/><\/a> <a href=\"http:\/\/www.portalmantena.com.br\/novo\/wp-content\/uploads\/2018\/07\/no260718energia4davi2.jpg\"><img loading=\"lazy\" class=\"alignnone size-full wp-image-33572\" src=\"http:\/\/www.portalmantena.com.br\/novo\/wp-content\/uploads\/2018\/07\/no260718energia4davi2.jpg\" alt=\"\" width=\"700\" height=\"450\" srcset=\"http:\/\/www.portalmantena.com.br\/novo\/wp-content\/uploads\/2018\/07\/no260718energia4davi2.jpg 700w, http:\/\/www.portalmantena.com.br\/novo\/wp-content\/uploads\/2018\/07\/no260718energia4davi2-300x193.jpg 300w, http:\/\/www.portalmantena.com.br\/novo\/wp-content\/uploads\/2018\/07\/no260718energia4davi2-696x447.jpg 696w, http:\/\/www.portalmantena.com.br\/novo\/wp-content\/uploads\/2018\/07\/no260718energia4davi2-653x420.jpg 653w\" sizes=\"(max-width: 700px) 100vw, 700px\" \/><\/a><\/p>\n<p>&nbsp;<\/p>\n<p><span style=\"font-size: 10pt;\">ESPA\u00c7O EMPRESARIAL<\/span><a href=\"http:\/\/www.portalmantena.com.br\/novo\/?p=16284\"><img loading=\"lazy\" class=\"alignnone size-full wp-image-29167\" src=\"http:\/\/www.portalmantena.com.br\/novo\/wp-content\/uploads\/2018\/05\/honcafaixa.jpg\" alt=\"\" width=\"700\" height=\"150\" srcset=\"http:\/\/www.portalmantena.com.br\/novo\/wp-content\/uploads\/2018\/05\/honcafaixa.jpg 700w, http:\/\/www.portalmantena.com.br\/novo\/wp-content\/uploads\/2018\/05\/honcafaixa-300x64.jpg 300w, http:\/\/www.portalmantena.com.br\/novo\/wp-content\/uploads\/2018\/05\/honcafaixa-696x150.jpg 696w\" sizes=\"(max-width: 700px) 100vw, 700px\" \/><\/a><\/p>\n<p>&nbsp;<\/p>\n<p>&nbsp;<\/p>\n","protected":false},"excerpt":{"rendered":"<p>Clientes satisfeitos em Mantena com a instala\u00e7\u00e3o de seu sistema de gera\u00e7\u00e3o de energia el\u00e9trica solar, ali\u00e1s, uma demanda que vem crescendo n\u00e3o s\u00f3 em Mantena mas tamb\u00e9m na regi\u00e3o, pois a economia mensal com a conta de energia el\u00e9trica, vale o investimento. Esta \u00e9 uma conta que fecha, e como diriam estes clientes que [&hellip;]<\/p>\n","protected":false},"author":1,"featured_media":33568,"comment_status":"open","ping_status":"open","sticky":false,"template":"","format":"standard","meta":[],"categories":[36,12],"tags":[],"_links":{"self":[{"href":"http:\/\/www.portalmantena.com.br\/novo\/index.php?rest_route=\/wp\/v2\/posts\/33567"}],"collection":[{"href":"http:\/\/www.portalmantena.com.br\/novo\/index.php?rest_route=\/wp\/v2\/posts"}],"about":[{"href":"http:\/\/www.portalmantena.com.br\/novo\/index.php?rest_route=\/wp\/v2\/types\/post"}],"author":[{"embeddable":true,"href":"http:\/\/www.portalmantena.com.br\/novo\/index.php?rest_route=\/wp\/v2\/users\/1"}],"replies":[{"embeddable":true,"href":"http:\/\/www.portalmantena.com.br\/novo\/index.php?rest_route=%2Fwp%2Fv2%2Fcomments&post=33567"}],"version-history":[{"count":2,"href":"http:\/\/www.portalmantena.com.br\/novo\/index.php?rest_route=\/wp\/v2\/posts\/33567\/revisions"}],"predecessor-version":[{"id":33575,"href":"http:\/\/www.portalmantena.com.br\/novo\/index.php?rest_route=\/wp\/v2\/posts\/33567\/revisions\/33575"}],"wp:featuredmedia":[{"embeddable":true,"href":"http:\/\/www.portalmantena.com.br\/novo\/index.php?rest_route=\/wp\/v2\/media\/33568"}],"wp:attachment":[{"href":"http:\/\/www.portalmantena.com.br\/novo\/index.php?rest_route=%2Fwp%2Fv2%2Fmedia&parent=33567"}],"wp:term":[{"taxonomy":"category","embeddable":true,"href":"http:\/\/www.portalmantena.com.br\/novo\/index.php?rest_route=%2Fwp%2Fv2%2Fcategories&post=33567"},{"taxonomy":"post_tag","embeddable":true,"href":"http:\/\/www.portalmantena.com.br\/novo\/index.php?rest_route=%2Fwp%2Fv2%2Ftags&post=33567"}],"curies":[{"name":"wp","href":"https:\/\/api.w.org\/{rel}","templated":true}]}}