{"id":33559,"date":"2018-07-26T09:31:38","date_gmt":"2018-07-26T12:31:38","guid":{"rendered":"http:\/\/www.portalmantena.com.br\/novo\/?p=33559"},"modified":"2018-07-26T09:31:58","modified_gmt":"2018-07-26T12:31:58","slug":"comeca-hoje-o-1o-congresso-internacional-de-missoes","status":"publish","type":"post","link":"http:\/\/www.portalmantena.com.br\/novo\/?p=33559","title":{"rendered":"Come\u00e7a hoje o 1\u00ba Congresso Internacional de Miss\u00f5es em BSF"},"content":{"rendered":"<p><a href=\"http:\/\/www.portalmantena.com.br\/novo\/wp-content\/uploads\/2018\/07\/no260718gideoes.jpg\"><img loading=\"lazy\" class=\"alignnone size-full wp-image-33564\" src=\"http:\/\/www.portalmantena.com.br\/novo\/wp-content\/uploads\/2018\/07\/no260718gideoes.jpg\" alt=\"\" width=\"700\" height=\"450\" srcset=\"http:\/\/www.portalmantena.com.br\/novo\/wp-content\/uploads\/2018\/07\/no260718gideoes.jpg 700w, http:\/\/www.portalmantena.com.br\/novo\/wp-content\/uploads\/2018\/07\/no260718gideoes-300x193.jpg 300w, http:\/\/www.portalmantena.com.br\/novo\/wp-content\/uploads\/2018\/07\/no260718gideoes-696x447.jpg 696w, http:\/\/www.portalmantena.com.br\/novo\/wp-content\/uploads\/2018\/07\/no260718gideoes-653x420.jpg 653w\" sizes=\"(max-width: 700px) 100vw, 700px\" \/><\/a><\/p>\n<p><span style=\"font-size: 14pt;\">O Gin\u00e1sio da Escola Municipal Jo\u00e3o Bastos em Barra de S\u00e3o Francisco, receber\u00e1 um grande evento nesta quinta, sexta e s\u00e1bado (26, 27 e 28 de Julho), com a realiza\u00e7\u00e3o do 1\u00ba Congresso Internacional de Miss\u00f5es com participa\u00e7\u00e3o dos Gide\u00f5es, Mission\u00e1rios da \u00daltima Hora. <\/span><\/p>\n<p><span style=\"font-size: 14pt;\">A entrada \u00e9 franca, e contar\u00e1 com a participa\u00e7\u00e3o especial das cantoras Maria Elisangela e Lauriete. <\/span><\/p>\n<p><span style=\"font-size: 14pt;\">O evento ter\u00e1 ainda a participa\u00e7\u00e3o dos preletores Pr. Junior Trov\u00e3o, Pr. Rafael \u00c9der e Pr. Alessandro Lopes. Todas as fam\u00edlias francisquenses, bem como amigos est\u00e3o convidados a participar deste momento de adora\u00e7\u00e3o a Deus. <\/span><\/p>\n<p><span style=\"font-size: 14pt;\">Presen\u00e7a tamb\u00e9m de muitos pastores da cidade e regi\u00e3o.<\/span><\/p>\n<p>&nbsp;<\/p>\n<p><span style=\"font-size: 10pt;\">ESPA\u00c7O EMPRESARIAL<\/span><img loading=\"lazy\" class=\"alignnone size-full wp-image-30339\" src=\"http:\/\/www.portalmantena.com.br\/novo\/wp-content\/uploads\/2018\/05\/casadastintas.jpg\" alt=\"\" width=\"700\" height=\"150\" srcset=\"http:\/\/www.portalmantena.com.br\/novo\/wp-content\/uploads\/2018\/05\/casadastintas.jpg 700w, http:\/\/www.portalmantena.com.br\/novo\/wp-content\/uploads\/2018\/05\/casadastintas-300x64.jpg 300w, http:\/\/www.portalmantena.com.br\/novo\/wp-content\/uploads\/2018\/05\/casadastintas-696x150.jpg 696w\" sizes=\"(max-width: 700px) 100vw, 700px\" \/><\/p>\n","protected":false},"excerpt":{"rendered":"<p>O Gin\u00e1sio da Escola Municipal Jo\u00e3o Bastos em Barra de S\u00e3o Francisco, receber\u00e1 um grande evento nesta quinta, sexta e s\u00e1bado (26, 27 e 28 de Julho), com a realiza\u00e7\u00e3o do 1\u00ba Congresso Internacional de Miss\u00f5es com participa\u00e7\u00e3o dos Gide\u00f5es, Mission\u00e1rios da \u00daltima Hora. A entrada \u00e9 franca, e contar\u00e1 com a participa\u00e7\u00e3o especial das [&hellip;]<\/p>\n","protected":false},"author":1,"featured_media":33564,"comment_status":"open","ping_status":"open","sticky":false,"template":"","format":"standard","meta":[],"categories":[60,11,39],"tags":[],"_links":{"self":[{"href":"http:\/\/www.portalmantena.com.br\/novo\/index.php?rest_route=\/wp\/v2\/posts\/33559"}],"collection":[{"href":"http:\/\/www.portalmantena.com.br\/novo\/index.php?rest_route=\/wp\/v2\/posts"}],"about":[{"href":"http:\/\/www.portalmantena.com.br\/novo\/index.php?rest_route=\/wp\/v2\/types\/post"}],"author":[{"embeddable":true,"href":"http:\/\/www.portalmantena.com.br\/novo\/index.php?rest_route=\/wp\/v2\/users\/1"}],"replies":[{"embeddable":true,"href":"http:\/\/www.portalmantena.com.br\/novo\/index.php?rest_route=%2Fwp%2Fv2%2Fcomments&post=33559"}],"version-history":[{"count":2,"href":"http:\/\/www.portalmantena.com.br\/novo\/index.php?rest_route=\/wp\/v2\/posts\/33559\/revisions"}],"predecessor-version":[{"id":33566,"href":"http:\/\/www.portalmantena.com.br\/novo\/index.php?rest_route=\/wp\/v2\/posts\/33559\/revisions\/33566"}],"wp:featuredmedia":[{"embeddable":true,"href":"http:\/\/www.portalmantena.com.br\/novo\/index.php?rest_route=\/wp\/v2\/media\/33564"}],"wp:attachment":[{"href":"http:\/\/www.portalmantena.com.br\/novo\/index.php?rest_route=%2Fwp%2Fv2%2Fmedia&parent=33559"}],"wp:term":[{"taxonomy":"category","embeddable":true,"href":"http:\/\/www.portalmantena.com.br\/novo\/index.php?rest_route=%2Fwp%2Fv2%2Fcategories&post=33559"},{"taxonomy":"post_tag","embeddable":true,"href":"http:\/\/www.portalmantena.com.br\/novo\/index.php?rest_route=%2Fwp%2Fv2%2Ftags&post=33559"}],"curies":[{"name":"wp","href":"https:\/\/api.w.org\/{rel}","templated":true}]}}