{"id":33340,"date":"2018-07-23T09:08:56","date_gmt":"2018-07-23T12:08:56","guid":{"rendered":"http:\/\/www.portalmantena.com.br\/novo\/?p=33340"},"modified":"2018-07-23T09:10:27","modified_gmt":"2018-07-23T12:10:27","slug":"carreteiro-e-rendido-quando-dormia-veiculo-e-levado-pelos-ladroes","status":"publish","type":"post","link":"http:\/\/www.portalmantena.com.br\/novo\/?p=33340","title":{"rendered":"Carreteiro \u00e9 rendido quando dormia, sendo amarrado e roubado"},"content":{"rendered":"<p><a href=\"http:\/\/www.portalmantena.com.br\/novo\/wp-content\/uploads\/2018\/07\/pm3.jpg\"><img loading=\"lazy\" class=\"alignnone size-full wp-image-33341\" src=\"http:\/\/www.portalmantena.com.br\/novo\/wp-content\/uploads\/2018\/07\/pm3.jpg\" alt=\"\" width=\"700\" height=\"450\" srcset=\"http:\/\/www.portalmantena.com.br\/novo\/wp-content\/uploads\/2018\/07\/pm3.jpg 700w, http:\/\/www.portalmantena.com.br\/novo\/wp-content\/uploads\/2018\/07\/pm3-300x193.jpg 300w, http:\/\/www.portalmantena.com.br\/novo\/wp-content\/uploads\/2018\/07\/pm3-696x447.jpg 696w, http:\/\/www.portalmantena.com.br\/novo\/wp-content\/uploads\/2018\/07\/pm3-653x420.jpg 653w\" sizes=\"(max-width: 700px) 100vw, 700px\" \/><\/a><\/p>\n<p><span style=\"font-size: 14pt;\">Um motorista de carreta foi roubado na madrugada da \u00faltima sexta-feira (20 de julho), enquanto dormia dentro da cabine do ve\u00edculo \u00e0s margens da rodovia BR-259, pr\u00f3ximo ao trevo do polo industrial, bairro Valpara\u00edso, na cidade de Baixo Guandu.<\/span><br \/>\n<span style=\"font-size: 14pt;\"> Segundo o condutor, os suspeitos quebraram o vidro do lado do motorista enquanto ele estava dormindo e o renderam, ele foi amarrado com bra\u00e7adeiras de pl\u00e1sticos e os suspeitos conduziram a carreta at\u00e9 a passagem de n\u00edvel pr\u00f3ximo ao motel. <\/span><\/p>\n<p><span style=\"font-size: 14pt;\">Os suspeitos roubaram a carteira do motorista e tentaram roubar umas das rodas traseiras da carreta. Ap\u00f3s perceber que os suspeitos haviam fugido do local, o motorista de 46 anos conseguiu escapar ao cortar uma das bra\u00e7adeiras de pl\u00e1stico com um cortador de unha que estava no bolso. <\/span><\/p>\n<p><span style=\"font-size: 14pt;\">A Pol\u00edcia Militar foi acionada e compareceu ao local para registrar a ocorr\u00eancia. Nenhum suspeito foi localizado. (fonte:portalguangu).<\/span><\/p>\n<p>&nbsp;<\/p>\n<p><span style=\"font-size: 10pt;\">ESPA\u00c7O EMPRESARIAL<\/span><a href=\"http:\/\/www.portalmantena.com.br\/novo\/wp-content\/uploads\/2018\/05\/postoterraboa.jpg\"><img loading=\"lazy\" class=\"alignnone size-full wp-image-29172\" src=\"http:\/\/www.portalmantena.com.br\/novo\/wp-content\/uploads\/2018\/05\/postoterraboa.jpg\" alt=\"\" width=\"700\" height=\"150\" srcset=\"http:\/\/www.portalmantena.com.br\/novo\/wp-content\/uploads\/2018\/05\/postoterraboa.jpg 700w, http:\/\/www.portalmantena.com.br\/novo\/wp-content\/uploads\/2018\/05\/postoterraboa-300x64.jpg 300w, http:\/\/www.portalmantena.com.br\/novo\/wp-content\/uploads\/2018\/05\/postoterraboa-696x150.jpg 696w\" sizes=\"(max-width: 700px) 100vw, 700px\" \/><\/a><\/p>\n","protected":false},"excerpt":{"rendered":"<p>Um motorista de carreta foi roubado na madrugada da \u00faltima sexta-feira (20 de julho), enquanto dormia dentro da cabine do ve\u00edculo \u00e0s margens da rodovia BR-259, pr\u00f3ximo ao trevo do polo industrial, bairro Valpara\u00edso, na cidade de Baixo Guandu. Segundo o condutor, os suspeitos quebraram o vidro do lado do motorista enquanto ele estava dormindo [&hellip;]<\/p>\n","protected":false},"author":1,"featured_media":33341,"comment_status":"open","ping_status":"open","sticky":false,"template":"","format":"standard","meta":[],"categories":[11,34],"tags":[],"_links":{"self":[{"href":"http:\/\/www.portalmantena.com.br\/novo\/index.php?rest_route=\/wp\/v2\/posts\/33340"}],"collection":[{"href":"http:\/\/www.portalmantena.com.br\/novo\/index.php?rest_route=\/wp\/v2\/posts"}],"about":[{"href":"http:\/\/www.portalmantena.com.br\/novo\/index.php?rest_route=\/wp\/v2\/types\/post"}],"author":[{"embeddable":true,"href":"http:\/\/www.portalmantena.com.br\/novo\/index.php?rest_route=\/wp\/v2\/users\/1"}],"replies":[{"embeddable":true,"href":"http:\/\/www.portalmantena.com.br\/novo\/index.php?rest_route=%2Fwp%2Fv2%2Fcomments&post=33340"}],"version-history":[{"count":3,"href":"http:\/\/www.portalmantena.com.br\/novo\/index.php?rest_route=\/wp\/v2\/posts\/33340\/revisions"}],"predecessor-version":[{"id":33344,"href":"http:\/\/www.portalmantena.com.br\/novo\/index.php?rest_route=\/wp\/v2\/posts\/33340\/revisions\/33344"}],"wp:featuredmedia":[{"embeddable":true,"href":"http:\/\/www.portalmantena.com.br\/novo\/index.php?rest_route=\/wp\/v2\/media\/33341"}],"wp:attachment":[{"href":"http:\/\/www.portalmantena.com.br\/novo\/index.php?rest_route=%2Fwp%2Fv2%2Fmedia&parent=33340"}],"wp:term":[{"taxonomy":"category","embeddable":true,"href":"http:\/\/www.portalmantena.com.br\/novo\/index.php?rest_route=%2Fwp%2Fv2%2Fcategories&post=33340"},{"taxonomy":"post_tag","embeddable":true,"href":"http:\/\/www.portalmantena.com.br\/novo\/index.php?rest_route=%2Fwp%2Fv2%2Ftags&post=33340"}],"curies":[{"name":"wp","href":"https:\/\/api.w.org\/{rel}","templated":true}]}}