{"id":33337,"date":"2018-07-23T09:02:54","date_gmt":"2018-07-23T12:02:54","guid":{"rendered":"http:\/\/www.portalmantena.com.br\/novo\/?p=33337"},"modified":"2018-07-23T09:02:54","modified_gmt":"2018-07-23T12:02:54","slug":"van-sai-da-pista-entre-gv-e-galileia-deixando-feridos","status":"publish","type":"post","link":"http:\/\/www.portalmantena.com.br\/novo\/?p=33337","title":{"rendered":"Van sai da pista entre GV e Galil\u00e9ia deixando feridos"},"content":{"rendered":"<p><a href=\"http:\/\/www.portalmantena.com.br\/novo\/wp-content\/uploads\/2018\/07\/no230718bombeiro.jpg\"><img loading=\"lazy\" class=\"alignnone size-full wp-image-33338\" src=\"http:\/\/www.portalmantena.com.br\/novo\/wp-content\/uploads\/2018\/07\/no230718bombeiro.jpg\" alt=\"\" width=\"700\" height=\"450\" srcset=\"http:\/\/www.portalmantena.com.br\/novo\/wp-content\/uploads\/2018\/07\/no230718bombeiro.jpg 700w, http:\/\/www.portalmantena.com.br\/novo\/wp-content\/uploads\/2018\/07\/no230718bombeiro-300x193.jpg 300w, http:\/\/www.portalmantena.com.br\/novo\/wp-content\/uploads\/2018\/07\/no230718bombeiro-696x447.jpg 696w, http:\/\/www.portalmantena.com.br\/novo\/wp-content\/uploads\/2018\/07\/no230718bombeiro-653x420.jpg 653w\" sizes=\"(max-width: 700px) 100vw, 700px\" \/><\/a><\/p>\n<p><span style=\"font-size: 14pt;\">Na manh\u00e3 deste domingo dia 22 de Julho, um acidente foi registrado na rodovia BR-259, entre Governador Valadares e Galileia, deixando 11 pessoas feridas. <\/span><\/p>\n<p><span style=\"font-size: 14pt;\">Segundo informa\u00e7\u00f5es do Corpo de Bombeiros, o motorista de uma Van perdeu o controle da dire\u00e7\u00e3o, saiu da estrada e caiu em uma vegeta\u00e7\u00e3o. Ainda de acordo com os bombeiros, no ve\u00edculo estavam 12 pessoas, contando com o motorista. <\/span><\/p>\n<p><span style=\"font-size: 14pt;\">Os bombeiros informaram que nenhuma das v\u00edtimas teve ferimentos graves; todos foram conduzidos conscientes, com ferimentos leves, para o Hospital Municipal de Governador Valadares. <\/span><\/p>\n<p><span style=\"font-size: 14pt;\">O motorista da Van teria recusado atendimento. O tr\u00e2nsito na rodovia n\u00e3o precisou ser interrompido. (fonte:g1\/vales \u2013 foto:PM\/corpo de bombeiros\/divulga\u00e7\u00e3o).<\/span><\/p>\n<p>&nbsp;<\/p>\n<p><span style=\"font-size: 10pt;\">ESPA\u00c7O EMPRESARIAL<\/span><a href=\"http:\/\/www.portalmantena.com.br\/novo\/?p=16284\"><img loading=\"lazy\" class=\"alignnone size-full wp-image-29167\" src=\"http:\/\/www.portalmantena.com.br\/novo\/wp-content\/uploads\/2018\/05\/honcafaixa.jpg\" alt=\"\" width=\"700\" height=\"150\" srcset=\"http:\/\/www.portalmantena.com.br\/novo\/wp-content\/uploads\/2018\/05\/honcafaixa.jpg 700w, http:\/\/www.portalmantena.com.br\/novo\/wp-content\/uploads\/2018\/05\/honcafaixa-300x64.jpg 300w, http:\/\/www.portalmantena.com.br\/novo\/wp-content\/uploads\/2018\/05\/honcafaixa-696x150.jpg 696w\" sizes=\"(max-width: 700px) 100vw, 700px\" \/><\/a><\/p>\n","protected":false},"excerpt":{"rendered":"<p>Na manh\u00e3 deste domingo dia 22 de Julho, um acidente foi registrado na rodovia BR-259, entre Governador Valadares e Galileia, deixando 11 pessoas feridas. Segundo informa\u00e7\u00f5es do Corpo de Bombeiros, o motorista de uma Van perdeu o controle da dire\u00e7\u00e3o, saiu da estrada e caiu em uma vegeta\u00e7\u00e3o. Ainda de acordo com os bombeiros, no [&hellip;]<\/p>\n","protected":false},"author":1,"featured_media":33338,"comment_status":"open","ping_status":"open","sticky":false,"template":"","format":"standard","meta":[],"categories":[11,39],"tags":[],"_links":{"self":[{"href":"http:\/\/www.portalmantena.com.br\/novo\/index.php?rest_route=\/wp\/v2\/posts\/33337"}],"collection":[{"href":"http:\/\/www.portalmantena.com.br\/novo\/index.php?rest_route=\/wp\/v2\/posts"}],"about":[{"href":"http:\/\/www.portalmantena.com.br\/novo\/index.php?rest_route=\/wp\/v2\/types\/post"}],"author":[{"embeddable":true,"href":"http:\/\/www.portalmantena.com.br\/novo\/index.php?rest_route=\/wp\/v2\/users\/1"}],"replies":[{"embeddable":true,"href":"http:\/\/www.portalmantena.com.br\/novo\/index.php?rest_route=%2Fwp%2Fv2%2Fcomments&post=33337"}],"version-history":[{"count":1,"href":"http:\/\/www.portalmantena.com.br\/novo\/index.php?rest_route=\/wp\/v2\/posts\/33337\/revisions"}],"predecessor-version":[{"id":33339,"href":"http:\/\/www.portalmantena.com.br\/novo\/index.php?rest_route=\/wp\/v2\/posts\/33337\/revisions\/33339"}],"wp:featuredmedia":[{"embeddable":true,"href":"http:\/\/www.portalmantena.com.br\/novo\/index.php?rest_route=\/wp\/v2\/media\/33338"}],"wp:attachment":[{"href":"http:\/\/www.portalmantena.com.br\/novo\/index.php?rest_route=%2Fwp%2Fv2%2Fmedia&parent=33337"}],"wp:term":[{"taxonomy":"category","embeddable":true,"href":"http:\/\/www.portalmantena.com.br\/novo\/index.php?rest_route=%2Fwp%2Fv2%2Fcategories&post=33337"},{"taxonomy":"post_tag","embeddable":true,"href":"http:\/\/www.portalmantena.com.br\/novo\/index.php?rest_route=%2Fwp%2Fv2%2Ftags&post=33337"}],"curies":[{"name":"wp","href":"https:\/\/api.w.org\/{rel}","templated":true}]}}