{"id":33331,"date":"2018-07-23T08:50:22","date_gmt":"2018-07-23T11:50:22","guid":{"rendered":"http:\/\/www.portalmantena.com.br\/novo\/?p=33331"},"modified":"2018-07-23T08:50:22","modified_gmt":"2018-07-23T11:50:22","slug":"pistola-de-fabricacao-austriaca-e-apreendida-pela-pm","status":"publish","type":"post","link":"http:\/\/www.portalmantena.com.br\/novo\/?p=33331","title":{"rendered":"Pistola de fabrica\u00e7\u00e3o Austr\u00edaca \u00e9 apreendida pela PM"},"content":{"rendered":"<p><a href=\"http:\/\/www.portalmantena.com.br\/novo\/wp-content\/uploads\/2018\/07\/no230718pm3.jpg\"><img loading=\"lazy\" class=\"alignnone size-full wp-image-33332\" src=\"http:\/\/www.portalmantena.com.br\/novo\/wp-content\/uploads\/2018\/07\/no230718pm3.jpg\" alt=\"\" width=\"700\" height=\"450\" srcset=\"http:\/\/www.portalmantena.com.br\/novo\/wp-content\/uploads\/2018\/07\/no230718pm3.jpg 700w, http:\/\/www.portalmantena.com.br\/novo\/wp-content\/uploads\/2018\/07\/no230718pm3-300x193.jpg 300w, http:\/\/www.portalmantena.com.br\/novo\/wp-content\/uploads\/2018\/07\/no230718pm3-696x447.jpg 696w, http:\/\/www.portalmantena.com.br\/novo\/wp-content\/uploads\/2018\/07\/no230718pm3-653x420.jpg 653w\" sizes=\"(max-width: 700px) 100vw, 700px\" \/><\/a><\/p>\n<p><span style=\"font-size: 14pt;\">Durante a\u00e7\u00e3o da PM no munic\u00edpio capixaba de Pinheiros, na \u00faltima quinta-feira (19), policiais militares do 2\u00ba Batalh\u00e3o apreenderam uma pistola Glock, calibre 380, com 22 muni\u00e7\u00f5es. <\/span><\/p>\n<p><span style=\"font-size: 14pt;\">A arma estava com um adolescente de 17 anos. Segundo o comandante da 2\u00aa Companhia, capit\u00e3o Manoel Gambarti Junior, o menor foi abordado pelos militares da radiopatrulha no Bairro Galileia, durante o patrulhamento ostensivo no Bairro. Ele estava acompanhado de mais tr\u00eas suspeitos, que ao virem a viatura policial correram, saltando por muros de resid\u00eancias. <\/span><\/p>\n<p><span style=\"font-size: 14pt;\">Os militares realizaram um cerco no bairro e interceptaram o menor na Rua Jo\u00e3o Goulart. Ao realizar a busca pessoal, a pistola foi encontrada na cintura do abordado. \u00a0O menor e a arma apreendida foram encaminhados \u00e0 delegacia de plant\u00e3o do munic\u00edpio. <\/span><\/p>\n<p><span style=\"font-size: 14pt;\">De acordo com o Capit\u00e3o Gambarti, o adolescente que nesta sexta-feira (20) completa 18 anos, pertence ao grupo de traficantes denominado \u201cBonde do Galileia\u201d e tem envolvimento com homic\u00eddio, roubo, porte ilegal de arma de fogo e tr\u00e1fico de drogas. Ele \u00e9 oriundo do munic\u00edpio de Serra e fugiu daquele munic\u00edpio ap\u00f3s um roubo, disse o Capit\u00e3o Gambarti. (Fonte\/foto:PM).<\/span><\/p>\n<p>&nbsp;<\/p>\n<p><span style=\"font-size: 10pt;\">ESPA\u00c7O EMPRESARIAL<\/span><a href=\"https:\/\/www.facebook.com\/profile.php?id=100004934627949&amp;fref=ts\"><img loading=\"lazy\" class=\"alignnone size-full wp-image-29178\" src=\"http:\/\/www.portalmantena.com.br\/novo\/wp-content\/uploads\/2018\/05\/printcolor.jpg\" alt=\"\" width=\"700\" height=\"150\" srcset=\"http:\/\/www.portalmantena.com.br\/novo\/wp-content\/uploads\/2018\/05\/printcolor.jpg 700w, http:\/\/www.portalmantena.com.br\/novo\/wp-content\/uploads\/2018\/05\/printcolor-300x64.jpg 300w, http:\/\/www.portalmantena.com.br\/novo\/wp-content\/uploads\/2018\/05\/printcolor-696x150.jpg 696w\" sizes=\"(max-width: 700px) 100vw, 700px\" \/><\/a><\/p>\n","protected":false},"excerpt":{"rendered":"<p>Durante a\u00e7\u00e3o da PM no munic\u00edpio capixaba de Pinheiros, na \u00faltima quinta-feira (19), policiais militares do 2\u00ba Batalh\u00e3o apreenderam uma pistola Glock, calibre 380, com 22 muni\u00e7\u00f5es. A arma estava com um adolescente de 17 anos. Segundo o comandante da 2\u00aa Companhia, capit\u00e3o Manoel Gambarti Junior, o menor foi abordado pelos militares da radiopatrulha no [&hellip;]<\/p>\n","protected":false},"author":1,"featured_media":33332,"comment_status":"open","ping_status":"open","sticky":false,"template":"","format":"standard","meta":[],"categories":[11,34],"tags":[],"_links":{"self":[{"href":"http:\/\/www.portalmantena.com.br\/novo\/index.php?rest_route=\/wp\/v2\/posts\/33331"}],"collection":[{"href":"http:\/\/www.portalmantena.com.br\/novo\/index.php?rest_route=\/wp\/v2\/posts"}],"about":[{"href":"http:\/\/www.portalmantena.com.br\/novo\/index.php?rest_route=\/wp\/v2\/types\/post"}],"author":[{"embeddable":true,"href":"http:\/\/www.portalmantena.com.br\/novo\/index.php?rest_route=\/wp\/v2\/users\/1"}],"replies":[{"embeddable":true,"href":"http:\/\/www.portalmantena.com.br\/novo\/index.php?rest_route=%2Fwp%2Fv2%2Fcomments&post=33331"}],"version-history":[{"count":1,"href":"http:\/\/www.portalmantena.com.br\/novo\/index.php?rest_route=\/wp\/v2\/posts\/33331\/revisions"}],"predecessor-version":[{"id":33333,"href":"http:\/\/www.portalmantena.com.br\/novo\/index.php?rest_route=\/wp\/v2\/posts\/33331\/revisions\/33333"}],"wp:featuredmedia":[{"embeddable":true,"href":"http:\/\/www.portalmantena.com.br\/novo\/index.php?rest_route=\/wp\/v2\/media\/33332"}],"wp:attachment":[{"href":"http:\/\/www.portalmantena.com.br\/novo\/index.php?rest_route=%2Fwp%2Fv2%2Fmedia&parent=33331"}],"wp:term":[{"taxonomy":"category","embeddable":true,"href":"http:\/\/www.portalmantena.com.br\/novo\/index.php?rest_route=%2Fwp%2Fv2%2Fcategories&post=33331"},{"taxonomy":"post_tag","embeddable":true,"href":"http:\/\/www.portalmantena.com.br\/novo\/index.php?rest_route=%2Fwp%2Fv2%2Ftags&post=33331"}],"curies":[{"name":"wp","href":"https:\/\/api.w.org\/{rel}","templated":true}]}}