{"id":33308,"date":"2018-07-19T10:29:47","date_gmt":"2018-07-19T13:29:47","guid":{"rendered":"http:\/\/www.portalmantena.com.br\/novo\/?p=33308"},"modified":"2018-07-19T10:29:47","modified_gmt":"2018-07-19T13:29:47","slug":"pm-ambiental-localiza-desmate-e-autor-e-conduzido-a-delegacia","status":"publish","type":"post","link":"http:\/\/www.portalmantena.com.br\/novo\/?p=33308","title":{"rendered":"PM Ambiental localiza desmate e autor \u00e9 conduzido \u00e0 delegacia"},"content":{"rendered":"<p><a href=\"http:\/\/www.portalmantena.com.br\/novo\/wp-content\/uploads\/2018\/07\/no190718arvore1.jpg\"><img loading=\"lazy\" class=\"alignnone size-full wp-image-33309\" src=\"http:\/\/www.portalmantena.com.br\/novo\/wp-content\/uploads\/2018\/07\/no190718arvore1.jpg\" alt=\"\" width=\"700\" height=\"450\" srcset=\"http:\/\/www.portalmantena.com.br\/novo\/wp-content\/uploads\/2018\/07\/no190718arvore1.jpg 700w, http:\/\/www.portalmantena.com.br\/novo\/wp-content\/uploads\/2018\/07\/no190718arvore1-300x193.jpg 300w, http:\/\/www.portalmantena.com.br\/novo\/wp-content\/uploads\/2018\/07\/no190718arvore1-696x447.jpg 696w, http:\/\/www.portalmantena.com.br\/novo\/wp-content\/uploads\/2018\/07\/no190718arvore1-653x420.jpg 653w\" sizes=\"(max-width: 700px) 100vw, 700px\" \/><\/a><\/p>\n<p><span style=\"font-size: 14pt;\">Na \u00faltima ter\u00e7a (17), uma equipe de policiais do Batalh\u00e3o de Pol\u00edcia Militar Ambiental (BPMA) constatou um corte seletivo de tr\u00eas \u00e1rvores nativas no munic\u00edpio capixaba de Colatina. <\/span><\/p>\n<p><span style=\"font-size: 14pt;\">Os troncos estavam cortados em toretes e acondicionados ao lado de um secador de caf\u00e9, em pleno funcionamento, na mesma propriedade. Duas \u00e1rvores eram da esp\u00e9cie conhecida como angico e outra n\u00e3o identificada imediatamente. Al\u00e9m da madeira mencionada, foram apreendidos tamb\u00e9m quatro est\u00e9reos de lenha nativa e um trator de esteira.\u00a0<\/span><\/p>\n<p><span style=\"font-size: 14pt;\">O propriet\u00e1rio informou n\u00e3o possuir autoriza\u00e7\u00e3o para o corte\/dep\u00f3sito da madeira nativa, tampouco licen\u00e7a ambiental para opera\u00e7\u00e3o do secador de caf\u00e9, caracterizando os crimes de ter em dep\u00f3sito produto florestal nativo sem autoriza\u00e7\u00e3o e fazer funcionar servi\u00e7o potencialmente poluidor sem o devido licenciamento do \u00f3rg\u00e3o competente, ambas as infra\u00e7\u00f5es previstas na Lei de Crimes Ambientais. <\/span><\/p>\n<p><span style=\"font-size: 14pt;\">Diante dos fatos, o propriet\u00e1rio foi conduzido \u00e0 Delegacia de Pol\u00edcia Civil Regional de Colatina, para os expedientes necess\u00e1rios e demais provid\u00eancias cab\u00edveis. <\/span><\/p>\n<p><span style=\"font-size: 14pt;\">A popula\u00e7\u00e3o pode ajudar o BPMA a evitar danos maiores ao meio ambiente, realizando den\u00fancias por meio dos telefones 190 e 181. (fonte\/foto:PM).<\/span><\/p>\n<p><a href=\"http:\/\/www.portalmantena.com.br\/novo\/wp-content\/uploads\/2018\/07\/no190718arvore2.jpg\"><img loading=\"lazy\" class=\"alignnone size-full wp-image-33310\" src=\"http:\/\/www.portalmantena.com.br\/novo\/wp-content\/uploads\/2018\/07\/no190718arvore2.jpg\" alt=\"\" width=\"700\" height=\"450\" srcset=\"http:\/\/www.portalmantena.com.br\/novo\/wp-content\/uploads\/2018\/07\/no190718arvore2.jpg 700w, http:\/\/www.portalmantena.com.br\/novo\/wp-content\/uploads\/2018\/07\/no190718arvore2-300x193.jpg 300w, http:\/\/www.portalmantena.com.br\/novo\/wp-content\/uploads\/2018\/07\/no190718arvore2-696x447.jpg 696w, http:\/\/www.portalmantena.com.br\/novo\/wp-content\/uploads\/2018\/07\/no190718arvore2-653x420.jpg 653w\" sizes=\"(max-width: 700px) 100vw, 700px\" \/><\/a><\/p>\n<p>&nbsp;<\/p>\n<p><span style=\"font-size: 10pt;\">ESPA\u00c7O EMPRESARIAL<\/span><img loading=\"lazy\" class=\"alignnone size-full wp-image-30339\" src=\"http:\/\/www.portalmantena.com.br\/novo\/wp-content\/uploads\/2018\/05\/casadastintas.jpg\" alt=\"\" width=\"700\" height=\"150\" srcset=\"http:\/\/www.portalmantena.com.br\/novo\/wp-content\/uploads\/2018\/05\/casadastintas.jpg 700w, http:\/\/www.portalmantena.com.br\/novo\/wp-content\/uploads\/2018\/05\/casadastintas-300x64.jpg 300w, http:\/\/www.portalmantena.com.br\/novo\/wp-content\/uploads\/2018\/05\/casadastintas-696x150.jpg 696w\" sizes=\"(max-width: 700px) 100vw, 700px\" \/><\/p>\n","protected":false},"excerpt":{"rendered":"<p>Na \u00faltima ter\u00e7a (17), uma equipe de policiais do Batalh\u00e3o de Pol\u00edcia Militar Ambiental (BPMA) constatou um corte seletivo de tr\u00eas \u00e1rvores nativas no munic\u00edpio capixaba de Colatina. Os troncos estavam cortados em toretes e acondicionados ao lado de um secador de caf\u00e9, em pleno funcionamento, na mesma propriedade. Duas \u00e1rvores eram da esp\u00e9cie conhecida [&hellip;]<\/p>\n","protected":false},"author":1,"featured_media":33309,"comment_status":"open","ping_status":"open","sticky":false,"template":"","format":"standard","meta":[],"categories":[11,34,39],"tags":[],"_links":{"self":[{"href":"http:\/\/www.portalmantena.com.br\/novo\/index.php?rest_route=\/wp\/v2\/posts\/33308"}],"collection":[{"href":"http:\/\/www.portalmantena.com.br\/novo\/index.php?rest_route=\/wp\/v2\/posts"}],"about":[{"href":"http:\/\/www.portalmantena.com.br\/novo\/index.php?rest_route=\/wp\/v2\/types\/post"}],"author":[{"embeddable":true,"href":"http:\/\/www.portalmantena.com.br\/novo\/index.php?rest_route=\/wp\/v2\/users\/1"}],"replies":[{"embeddable":true,"href":"http:\/\/www.portalmantena.com.br\/novo\/index.php?rest_route=%2Fwp%2Fv2%2Fcomments&post=33308"}],"version-history":[{"count":1,"href":"http:\/\/www.portalmantena.com.br\/novo\/index.php?rest_route=\/wp\/v2\/posts\/33308\/revisions"}],"predecessor-version":[{"id":33311,"href":"http:\/\/www.portalmantena.com.br\/novo\/index.php?rest_route=\/wp\/v2\/posts\/33308\/revisions\/33311"}],"wp:featuredmedia":[{"embeddable":true,"href":"http:\/\/www.portalmantena.com.br\/novo\/index.php?rest_route=\/wp\/v2\/media\/33309"}],"wp:attachment":[{"href":"http:\/\/www.portalmantena.com.br\/novo\/index.php?rest_route=%2Fwp%2Fv2%2Fmedia&parent=33308"}],"wp:term":[{"taxonomy":"category","embeddable":true,"href":"http:\/\/www.portalmantena.com.br\/novo\/index.php?rest_route=%2Fwp%2Fv2%2Fcategories&post=33308"},{"taxonomy":"post_tag","embeddable":true,"href":"http:\/\/www.portalmantena.com.br\/novo\/index.php?rest_route=%2Fwp%2Fv2%2Ftags&post=33308"}],"curies":[{"name":"wp","href":"https:\/\/api.w.org\/{rel}","templated":true}]}}