{"id":33264,"date":"2018-07-28T09:52:22","date_gmt":"2018-07-28T12:52:22","guid":{"rendered":"http:\/\/www.portalmantena.com.br\/novo\/?p=33264"},"modified":"2018-07-28T10:07:46","modified_gmt":"2018-07-28T13:07:46","slug":"inedito-motocross-em-mantena-dois-dias-de-provas","status":"publish","type":"post","link":"http:\/\/www.portalmantena.com.br\/novo\/?p=33264","title":{"rendered":"S\u00e1bado e Domingo de muito Motocross em Mantena"},"content":{"rendered":"<p><a href=\"http:\/\/www.portalmantena.com.br\/novo\/wp-content\/uploads\/2018\/07\/no180718motocross.jpg\"><img loading=\"lazy\" class=\"alignnone size-full wp-image-33265\" src=\"http:\/\/www.portalmantena.com.br\/novo\/wp-content\/uploads\/2018\/07\/no180718motocross.jpg\" alt=\"\" width=\"700\" height=\"450\" srcset=\"http:\/\/www.portalmantena.com.br\/novo\/wp-content\/uploads\/2018\/07\/no180718motocross.jpg 700w, http:\/\/www.portalmantena.com.br\/novo\/wp-content\/uploads\/2018\/07\/no180718motocross-300x193.jpg 300w, http:\/\/www.portalmantena.com.br\/novo\/wp-content\/uploads\/2018\/07\/no180718motocross-696x447.jpg 696w, http:\/\/www.portalmantena.com.br\/novo\/wp-content\/uploads\/2018\/07\/no180718motocross-653x420.jpg 653w\" sizes=\"(max-width: 700px) 100vw, 700px\" \/><\/a><\/p>\n<p><span style=\"font-size: 14pt;\">Para os apaixonados por motos, pelo barulho que elas fazem e ainda mais, pela adrenalina de uma boa disputa em piso de terra, Mantena ter\u00e1 uma grande atra\u00e7\u00e3o ainda neste m\u00eas de Julho, com a realiza\u00e7\u00e3o da Copa Norte de Motocross 2018 no pr\u00f3ximos dias 28 e 29 de Julho (s\u00e1bado e domingo). <\/span><\/p>\n<p><span style=\"font-size: 14pt;\">O evento acontecer\u00e1 em um formato diferente em Mantena, com dois dias de prova, para tanto, uma bela programa\u00e7\u00e3o est\u00e1 sendo montada j\u00e1 com movimento na pista (instalada no Parque de Exposi\u00e7\u00f5es em Mantena), no s\u00e1bado dia 28. <\/span><\/p>\n<p><span style=\"font-size: 14pt;\">Com entrada franca, neste dia haver\u00e1 treinos a partir das 14 horas, com corrida acontecendo a partir das 16 horas nas categorias Nacional For\u00e7a Livre, MX Pr\u00f3 e Local. J\u00e1 no domingo dia 29, \u00e0s 8h30&#8242; treinos e \u00e0s 11h30&#8242; corrida com direito a muita adrenalina. <\/span><\/p>\n<p><span style=\"font-size: 14pt;\">Acesse o site <a href=\"http:\/\/guerracross.com.br\/\">www.guerracross.com.br<\/a> para obter outras informa\u00e7\u00f5es sobre este evento que com certeza vai parar Mantena no final de semana. <\/span><\/p>\n<p><span style=\"font-size: 14pt;\">Lembrando que uma campanha social estar\u00e1 acontecendo nestes dias, tanto para os pilotos quanto para os expectadores, levando 1 kg de alimentos n\u00e3o perec\u00edveis para o Recanto Esperan\u00e7a (no bairro Santos Prates 1 em Mantena), o doador estar\u00e1 concorrendo ao sorteio de R$ 200 reais.<\/span><\/p>\n<p><a href=\"http:\/\/www.portalmantena.com.br\/novo\/wp-content\/uploads\/2018\/07\/motocross3.jpg\"><img loading=\"lazy\" class=\"alignnone size-full wp-image-33282\" src=\"http:\/\/www.portalmantena.com.br\/novo\/wp-content\/uploads\/2018\/07\/motocross3.jpg\" alt=\"\" width=\"700\" height=\"900\" srcset=\"http:\/\/www.portalmantena.com.br\/novo\/wp-content\/uploads\/2018\/07\/motocross3.jpg 700w, http:\/\/www.portalmantena.com.br\/novo\/wp-content\/uploads\/2018\/07\/motocross3-233x300.jpg 233w, http:\/\/www.portalmantena.com.br\/novo\/wp-content\/uploads\/2018\/07\/motocross3-696x895.jpg 696w, http:\/\/www.portalmantena.com.br\/novo\/wp-content\/uploads\/2018\/07\/motocross3-327x420.jpg 327w\" sizes=\"(max-width: 700px) 100vw, 700px\" \/><\/a><\/p>\n<p><span style=\"font-size: 10pt;\">ESPA\u00c7O EMPRESARIAL<\/span><a href=\"http:\/\/www.portalmantena.com.br\/novo\/wp-content\/uploads\/2018\/05\/postoterraboa.jpg\"><img loading=\"lazy\" class=\"alignnone size-full wp-image-29172\" src=\"http:\/\/www.portalmantena.com.br\/novo\/wp-content\/uploads\/2018\/05\/postoterraboa.jpg\" alt=\"\" width=\"700\" height=\"150\" srcset=\"http:\/\/www.portalmantena.com.br\/novo\/wp-content\/uploads\/2018\/05\/postoterraboa.jpg 700w, http:\/\/www.portalmantena.com.br\/novo\/wp-content\/uploads\/2018\/05\/postoterraboa-300x64.jpg 300w, http:\/\/www.portalmantena.com.br\/novo\/wp-content\/uploads\/2018\/05\/postoterraboa-696x150.jpg 696w\" sizes=\"(max-width: 700px) 100vw, 700px\" \/><\/a><\/p>\n<p>&nbsp;<\/p>\n","protected":false},"excerpt":{"rendered":"<p>Para os apaixonados por motos, pelo barulho que elas fazem e ainda mais, pela adrenalina de uma boa disputa em piso de terra, Mantena ter\u00e1 uma grande atra\u00e7\u00e3o ainda neste m\u00eas de Julho, com a realiza\u00e7\u00e3o da Copa Norte de Motocross 2018 no pr\u00f3ximos dias 28 e 29 de Julho (s\u00e1bado e domingo). O evento [&hellip;]<\/p>\n","protected":false},"author":1,"featured_media":33265,"comment_status":"open","ping_status":"open","sticky":false,"template":"","format":"standard","meta":[],"categories":[60,36,12,22],"tags":[],"_links":{"self":[{"href":"http:\/\/www.portalmantena.com.br\/novo\/index.php?rest_route=\/wp\/v2\/posts\/33264"}],"collection":[{"href":"http:\/\/www.portalmantena.com.br\/novo\/index.php?rest_route=\/wp\/v2\/posts"}],"about":[{"href":"http:\/\/www.portalmantena.com.br\/novo\/index.php?rest_route=\/wp\/v2\/types\/post"}],"author":[{"embeddable":true,"href":"http:\/\/www.portalmantena.com.br\/novo\/index.php?rest_route=\/wp\/v2\/users\/1"}],"replies":[{"embeddable":true,"href":"http:\/\/www.portalmantena.com.br\/novo\/index.php?rest_route=%2Fwp%2Fv2%2Fcomments&post=33264"}],"version-history":[{"count":6,"href":"http:\/\/www.portalmantena.com.br\/novo\/index.php?rest_route=\/wp\/v2\/posts\/33264\/revisions"}],"predecessor-version":[{"id":33764,"href":"http:\/\/www.portalmantena.com.br\/novo\/index.php?rest_route=\/wp\/v2\/posts\/33264\/revisions\/33764"}],"wp:featuredmedia":[{"embeddable":true,"href":"http:\/\/www.portalmantena.com.br\/novo\/index.php?rest_route=\/wp\/v2\/media\/33265"}],"wp:attachment":[{"href":"http:\/\/www.portalmantena.com.br\/novo\/index.php?rest_route=%2Fwp%2Fv2%2Fmedia&parent=33264"}],"wp:term":[{"taxonomy":"category","embeddable":true,"href":"http:\/\/www.portalmantena.com.br\/novo\/index.php?rest_route=%2Fwp%2Fv2%2Fcategories&post=33264"},{"taxonomy":"post_tag","embeddable":true,"href":"http:\/\/www.portalmantena.com.br\/novo\/index.php?rest_route=%2Fwp%2Fv2%2Ftags&post=33264"}],"curies":[{"name":"wp","href":"https:\/\/api.w.org\/{rel}","templated":true}]}}