{"id":33110,"date":"2018-07-16T14:36:16","date_gmt":"2018-07-16T17:36:16","guid":{"rendered":"http:\/\/www.portalmantena.com.br\/novo\/?p=33110"},"modified":"2018-07-16T14:36:16","modified_gmt":"2018-07-16T17:36:16","slug":"recorde-cidade-na-regiao-esta-ha-400-dias-sem-homicidio","status":"publish","type":"post","link":"http:\/\/www.portalmantena.com.br\/novo\/?p=33110","title":{"rendered":"Recorde, cidade na regi\u00e3o est\u00e1 h\u00e1 400 dias sem homic\u00eddio"},"content":{"rendered":"<p><a href=\"http:\/\/www.portalmantena.com.br\/novo\/wp-content\/uploads\/2018\/07\/pm2.jpg\"><img loading=\"lazy\" class=\"alignnone size-full wp-image-33111\" src=\"http:\/\/www.portalmantena.com.br\/novo\/wp-content\/uploads\/2018\/07\/pm2.jpg\" alt=\"\" width=\"700\" height=\"450\" srcset=\"http:\/\/www.portalmantena.com.br\/novo\/wp-content\/uploads\/2018\/07\/pm2.jpg 700w, http:\/\/www.portalmantena.com.br\/novo\/wp-content\/uploads\/2018\/07\/pm2-300x193.jpg 300w, http:\/\/www.portalmantena.com.br\/novo\/wp-content\/uploads\/2018\/07\/pm2-696x447.jpg 696w, http:\/\/www.portalmantena.com.br\/novo\/wp-content\/uploads\/2018\/07\/pm2-653x420.jpg 653w\" sizes=\"(max-width: 700px) 100vw, 700px\" \/><\/a><\/p>\n<p><span style=\"font-size: 14pt;\">Se at\u00e9 alguns anos passados era considerado um dos munic\u00edpios mais violentos do Estado e do Brasil, Baixo Guandu s\u00f3 tem o que comemorar com a nova realidade na seguran\u00e7a p\u00fablica. <\/span><\/p>\n<p><span style=\"font-size: 14pt;\">Nesta segunda-feira dia 16 de Julho, o munic\u00edpio comemora exatos 400 dias sem o registro de casos de homic\u00eddios, um novo recorde hist\u00f3rico nos 83 anos de emancipa\u00e7\u00e3o de Baixo Guandu. O \u00faltimo assassinato ocorreu na cidade no dia 11 de junho de 2017. <\/span><\/p>\n<p><span style=\"font-size: 14pt;\">N\u00e3o por acaso a Prefeitura realizou no \u00faltimo dia 15 de junho (fotos abaixo), uma solenidade em homenagem \u00e0s policias Civil e Militar, membros da Promotoria P\u00fablica e do Poder Judici\u00e1rio, marcando exatamente um ano sem crimes de morte na cidade. <\/span><\/p>\n<p><span style=\"font-size: 14pt;\">Agora j\u00e1 s\u00e3o 400 dias sem ocorr\u00eancia de assassinatos. Foram entregues na ocasi\u00e3o 95 placas comemorativas, homenageando policiais militares de todas as patentes, todo o pessoal que atua na Pol\u00edcia Civil, ao promotor p\u00fablico e dois ju\u00edzes da Vara Criminal. (fonte:portalguandu).<\/span><\/p>\n<p>&nbsp;<\/p>\n<p><span style=\"font-size: 10pt;\">ESPA\u00c7O EMPRESARIAL<\/span><a href=\"http:\/\/www.portalmantena.com.br\/novo\/?p=16284\"><img loading=\"lazy\" class=\"alignnone size-full wp-image-29167\" src=\"http:\/\/www.portalmantena.com.br\/novo\/wp-content\/uploads\/2018\/05\/honcafaixa.jpg\" alt=\"\" width=\"700\" height=\"150\" srcset=\"http:\/\/www.portalmantena.com.br\/novo\/wp-content\/uploads\/2018\/05\/honcafaixa.jpg 700w, http:\/\/www.portalmantena.com.br\/novo\/wp-content\/uploads\/2018\/05\/honcafaixa-300x64.jpg 300w, http:\/\/www.portalmantena.com.br\/novo\/wp-content\/uploads\/2018\/05\/honcafaixa-696x150.jpg 696w\" sizes=\"(max-width: 700px) 100vw, 700px\" \/><\/a><\/p>\n","protected":false},"excerpt":{"rendered":"<p>Se at\u00e9 alguns anos passados era considerado um dos munic\u00edpios mais violentos do Estado e do Brasil, Baixo Guandu s\u00f3 tem o que comemorar com a nova realidade na seguran\u00e7a p\u00fablica. Nesta segunda-feira dia 16 de Julho, o munic\u00edpio comemora exatos 400 dias sem o registro de casos de homic\u00eddios, um novo recorde hist\u00f3rico nos [&hellip;]<\/p>\n","protected":false},"author":1,"featured_media":33111,"comment_status":"open","ping_status":"open","sticky":false,"template":"","format":"standard","meta":[],"categories":[11,39],"tags":[],"_links":{"self":[{"href":"http:\/\/www.portalmantena.com.br\/novo\/index.php?rest_route=\/wp\/v2\/posts\/33110"}],"collection":[{"href":"http:\/\/www.portalmantena.com.br\/novo\/index.php?rest_route=\/wp\/v2\/posts"}],"about":[{"href":"http:\/\/www.portalmantena.com.br\/novo\/index.php?rest_route=\/wp\/v2\/types\/post"}],"author":[{"embeddable":true,"href":"http:\/\/www.portalmantena.com.br\/novo\/index.php?rest_route=\/wp\/v2\/users\/1"}],"replies":[{"embeddable":true,"href":"http:\/\/www.portalmantena.com.br\/novo\/index.php?rest_route=%2Fwp%2Fv2%2Fcomments&post=33110"}],"version-history":[{"count":1,"href":"http:\/\/www.portalmantena.com.br\/novo\/index.php?rest_route=\/wp\/v2\/posts\/33110\/revisions"}],"predecessor-version":[{"id":33112,"href":"http:\/\/www.portalmantena.com.br\/novo\/index.php?rest_route=\/wp\/v2\/posts\/33110\/revisions\/33112"}],"wp:featuredmedia":[{"embeddable":true,"href":"http:\/\/www.portalmantena.com.br\/novo\/index.php?rest_route=\/wp\/v2\/media\/33111"}],"wp:attachment":[{"href":"http:\/\/www.portalmantena.com.br\/novo\/index.php?rest_route=%2Fwp%2Fv2%2Fmedia&parent=33110"}],"wp:term":[{"taxonomy":"category","embeddable":true,"href":"http:\/\/www.portalmantena.com.br\/novo\/index.php?rest_route=%2Fwp%2Fv2%2Fcategories&post=33110"},{"taxonomy":"post_tag","embeddable":true,"href":"http:\/\/www.portalmantena.com.br\/novo\/index.php?rest_route=%2Fwp%2Fv2%2Ftags&post=33110"}],"curies":[{"name":"wp","href":"https:\/\/api.w.org\/{rel}","templated":true}]}}