{"id":33103,"date":"2018-07-16T14:22:52","date_gmt":"2018-07-16T17:22:52","guid":{"rendered":"http:\/\/www.portalmantena.com.br\/novo\/?p=33103"},"modified":"2018-07-16T14:22:52","modified_gmt":"2018-07-16T17:22:52","slug":"equipe-eficiente-trabalhou-unida-e-a-ebf-foi-um-sucesso","status":"publish","type":"post","link":"http:\/\/www.portalmantena.com.br\/novo\/?p=33103","title":{"rendered":"Equipe eficiente trabalhou unida e a EBF foi um sucesso"},"content":{"rendered":"<p><a href=\"http:\/\/www.portalmantena.com.br\/novo\/wp-content\/uploads\/2018\/07\/vi160718ebf3.jpg\"><img loading=\"lazy\" class=\"alignnone size-full wp-image-33106\" src=\"http:\/\/www.portalmantena.com.br\/novo\/wp-content\/uploads\/2018\/07\/vi160718ebf3.jpg\" alt=\"\" width=\"700\" height=\"450\" srcset=\"http:\/\/www.portalmantena.com.br\/novo\/wp-content\/uploads\/2018\/07\/vi160718ebf3.jpg 700w, http:\/\/www.portalmantena.com.br\/novo\/wp-content\/uploads\/2018\/07\/vi160718ebf3-300x193.jpg 300w, http:\/\/www.portalmantena.com.br\/novo\/wp-content\/uploads\/2018\/07\/vi160718ebf3-696x447.jpg 696w, http:\/\/www.portalmantena.com.br\/novo\/wp-content\/uploads\/2018\/07\/vi160718ebf3-653x420.jpg 653w\" sizes=\"(max-width: 700px) 100vw, 700px\" \/><\/a><\/p>\n<p><span style=\"font-size: 14pt;\">Um grande n\u00famero de volunt\u00e1rios trabalhou na realiza\u00e7\u00e3o de mais uma edi\u00e7\u00e3o da EBF (Escola B\u00edblica de F\u00e9rias), que aconteceu em Mantena no final de semana no templo da Primeira Igreja Batista. <\/span><\/p>\n<p><span style=\"font-size: 14pt;\">Um grande n\u00famero de crian\u00e7as foram alcan\u00e7adas com atividades que as aproximaram mais dos ensinamentos da Palavra de Deus. <\/span><\/p>\n<p><span style=\"font-size: 14pt;\">Uma equipe de pessoas competentes, alegres e atenciosas dedicou horas de sua folga para ajudar e realizar este belo projeto. E o resultado n\u00e3o poderia ter sido outro, foi sucesso, uma ben\u00e7\u00e3o ver tantas crian\u00e7as alcan\u00e7adas, parab\u00e9ns \u00e0 toda equipe, \u00e0 dire\u00e7\u00e3o e seus colaboradores, Mantena precisa de mais eventos como este. <\/span><\/p>\n<p><span style=\"font-size: 14pt;\">Sabemos que nem todos que trabalharam ou ajudaram de alguma forma est\u00e3o nas fotos, mas o agradecimento alcan\u00e7a a todos que colaboraram.\u00a0<\/span><\/p>\n<p><a href=\"http:\/\/www.portalmantena.com.br\/novo\/wp-content\/uploads\/2018\/07\/vi160718ebf2.jpg\"><img loading=\"lazy\" class=\"alignnone size-full wp-image-33105\" src=\"http:\/\/www.portalmantena.com.br\/novo\/wp-content\/uploads\/2018\/07\/vi160718ebf2.jpg\" alt=\"\" width=\"700\" height=\"450\" srcset=\"http:\/\/www.portalmantena.com.br\/novo\/wp-content\/uploads\/2018\/07\/vi160718ebf2.jpg 700w, http:\/\/www.portalmantena.com.br\/novo\/wp-content\/uploads\/2018\/07\/vi160718ebf2-300x193.jpg 300w, http:\/\/www.portalmantena.com.br\/novo\/wp-content\/uploads\/2018\/07\/vi160718ebf2-696x447.jpg 696w, http:\/\/www.portalmantena.com.br\/novo\/wp-content\/uploads\/2018\/07\/vi160718ebf2-653x420.jpg 653w\" sizes=\"(max-width: 700px) 100vw, 700px\" \/><\/a><a href=\"http:\/\/www.portalmantena.com.br\/novo\/wp-content\/uploads\/2018\/07\/vi160718ebf1.jpg\"><img loading=\"lazy\" class=\"alignnone size-full wp-image-33104\" src=\"http:\/\/www.portalmantena.com.br\/novo\/wp-content\/uploads\/2018\/07\/vi160718ebf1.jpg\" alt=\"\" width=\"700\" height=\"450\" srcset=\"http:\/\/www.portalmantena.com.br\/novo\/wp-content\/uploads\/2018\/07\/vi160718ebf1.jpg 700w, http:\/\/www.portalmantena.com.br\/novo\/wp-content\/uploads\/2018\/07\/vi160718ebf1-300x193.jpg 300w, http:\/\/www.portalmantena.com.br\/novo\/wp-content\/uploads\/2018\/07\/vi160718ebf1-696x447.jpg 696w, http:\/\/www.portalmantena.com.br\/novo\/wp-content\/uploads\/2018\/07\/vi160718ebf1-653x420.jpg 653w\" sizes=\"(max-width: 700px) 100vw, 700px\" \/><\/a><\/p>\n<p>&nbsp;<\/p>\n<p><span style=\"font-size: 10pt;\">ESPA\u00c7O EMPRESARIAL<\/span><img loading=\"lazy\" class=\"alignnone size-full wp-image-30339\" src=\"http:\/\/www.portalmantena.com.br\/novo\/wp-content\/uploads\/2018\/05\/casadastintas.jpg\" alt=\"\" width=\"700\" height=\"150\" srcset=\"http:\/\/www.portalmantena.com.br\/novo\/wp-content\/uploads\/2018\/05\/casadastintas.jpg 700w, http:\/\/www.portalmantena.com.br\/novo\/wp-content\/uploads\/2018\/05\/casadastintas-300x64.jpg 300w, http:\/\/www.portalmantena.com.br\/novo\/wp-content\/uploads\/2018\/05\/casadastintas-696x150.jpg 696w\" sizes=\"(max-width: 700px) 100vw, 700px\" \/><\/p>\n","protected":false},"excerpt":{"rendered":"<p>Um grande n\u00famero de volunt\u00e1rios trabalhou na realiza\u00e7\u00e3o de mais uma edi\u00e7\u00e3o da EBF (Escola B\u00edblica de F\u00e9rias), que aconteceu em Mantena no final de semana no templo da Primeira Igreja Batista. Um grande n\u00famero de crian\u00e7as foram alcan\u00e7adas com atividades que as aproximaram mais dos ensinamentos da Palavra de Deus. Uma equipe de pessoas [&hellip;]<\/p>\n","protected":false},"author":1,"featured_media":33106,"comment_status":"open","ping_status":"open","sticky":false,"template":"","format":"standard","meta":[],"categories":[7],"tags":[],"_links":{"self":[{"href":"http:\/\/www.portalmantena.com.br\/novo\/index.php?rest_route=\/wp\/v2\/posts\/33103"}],"collection":[{"href":"http:\/\/www.portalmantena.com.br\/novo\/index.php?rest_route=\/wp\/v2\/posts"}],"about":[{"href":"http:\/\/www.portalmantena.com.br\/novo\/index.php?rest_route=\/wp\/v2\/types\/post"}],"author":[{"embeddable":true,"href":"http:\/\/www.portalmantena.com.br\/novo\/index.php?rest_route=\/wp\/v2\/users\/1"}],"replies":[{"embeddable":true,"href":"http:\/\/www.portalmantena.com.br\/novo\/index.php?rest_route=%2Fwp%2Fv2%2Fcomments&post=33103"}],"version-history":[{"count":1,"href":"http:\/\/www.portalmantena.com.br\/novo\/index.php?rest_route=\/wp\/v2\/posts\/33103\/revisions"}],"predecessor-version":[{"id":33108,"href":"http:\/\/www.portalmantena.com.br\/novo\/index.php?rest_route=\/wp\/v2\/posts\/33103\/revisions\/33108"}],"wp:featuredmedia":[{"embeddable":true,"href":"http:\/\/www.portalmantena.com.br\/novo\/index.php?rest_route=\/wp\/v2\/media\/33106"}],"wp:attachment":[{"href":"http:\/\/www.portalmantena.com.br\/novo\/index.php?rest_route=%2Fwp%2Fv2%2Fmedia&parent=33103"}],"wp:term":[{"taxonomy":"category","embeddable":true,"href":"http:\/\/www.portalmantena.com.br\/novo\/index.php?rest_route=%2Fwp%2Fv2%2Fcategories&post=33103"},{"taxonomy":"post_tag","embeddable":true,"href":"http:\/\/www.portalmantena.com.br\/novo\/index.php?rest_route=%2Fwp%2Fv2%2Ftags&post=33103"}],"curies":[{"name":"wp","href":"https:\/\/api.w.org\/{rel}","templated":true}]}}