{"id":33100,"date":"2018-07-16T14:12:51","date_gmt":"2018-07-16T17:12:51","guid":{"rendered":"http:\/\/www.portalmantena.com.br\/novo\/?p=33100"},"modified":"2018-07-16T14:12:51","modified_gmt":"2018-07-16T17:12:51","slug":"1o-campeonato-de-jiu-jitsu-em-goiabeira-e-cuparaque","status":"publish","type":"post","link":"http:\/\/www.portalmantena.com.br\/novo\/?p=33100","title":{"rendered":"1\u00ba Campeonato de Jiu-Jitsu em Goiabeira e Cuparaque"},"content":{"rendered":"<p><a href=\"http:\/\/www.portalmantena.com.br\/novo\/wp-content\/uploads\/2018\/07\/no160718esporte.jpg\"><img loading=\"lazy\" class=\"alignnone size-full wp-image-33101\" src=\"http:\/\/www.portalmantena.com.br\/novo\/wp-content\/uploads\/2018\/07\/no160718esporte.jpg\" alt=\"\" width=\"700\" height=\"450\" srcset=\"http:\/\/www.portalmantena.com.br\/novo\/wp-content\/uploads\/2018\/07\/no160718esporte.jpg 700w, http:\/\/www.portalmantena.com.br\/novo\/wp-content\/uploads\/2018\/07\/no160718esporte-300x193.jpg 300w, http:\/\/www.portalmantena.com.br\/novo\/wp-content\/uploads\/2018\/07\/no160718esporte-696x447.jpg 696w, http:\/\/www.portalmantena.com.br\/novo\/wp-content\/uploads\/2018\/07\/no160718esporte-653x420.jpg 653w\" sizes=\"(max-width: 700px) 100vw, 700px\" \/><\/a><\/p>\n<p><span style=\"font-size: 14pt;\">No s\u00e1bado dia 28 de Julho, acontecer\u00e1 no leste de Minas mais um evento esportivo que pretende reunir competidores na modalidade Jiu-Jitsu. <\/span><\/p>\n<p><span style=\"font-size: 14pt;\">O evento est\u00e1 sendo denominado como 1\u00ba Campeonato Leste Mineiro de Jiu-Jitsu, envolvendo as cidades de Goiabeira e Cuparaque, e ir\u00e1 acontecer na quadra de esportes do Boa Vista. Uma organiza\u00e7\u00e3o da Costa Fight team.\u00a0<\/span><\/p>\n<p>&nbsp;<\/p>\n<p><span style=\"font-size: 10pt;\">ESPA\u00c7O EMPRESARIAL<\/span><a href=\"https:\/\/www.facebook.com\/profile.php?id=100004934627949&amp;fref=ts\"><img loading=\"lazy\" class=\"alignnone size-full wp-image-29178\" src=\"http:\/\/www.portalmantena.com.br\/novo\/wp-content\/uploads\/2018\/05\/printcolor.jpg\" alt=\"\" width=\"700\" height=\"150\" srcset=\"http:\/\/www.portalmantena.com.br\/novo\/wp-content\/uploads\/2018\/05\/printcolor.jpg 700w, http:\/\/www.portalmantena.com.br\/novo\/wp-content\/uploads\/2018\/05\/printcolor-300x64.jpg 300w, http:\/\/www.portalmantena.com.br\/novo\/wp-content\/uploads\/2018\/05\/printcolor-696x150.jpg 696w\" sizes=\"(max-width: 700px) 100vw, 700px\" \/><\/a><\/p>\n","protected":false},"excerpt":{"rendered":"<p>No s\u00e1bado dia 28 de Julho, acontecer\u00e1 no leste de Minas mais um evento esportivo que pretende reunir competidores na modalidade Jiu-Jitsu. O evento est\u00e1 sendo denominado como 1\u00ba Campeonato Leste Mineiro de Jiu-Jitsu, envolvendo as cidades de Goiabeira e Cuparaque, e ir\u00e1 acontecer na quadra de esportes do Boa Vista. Uma organiza\u00e7\u00e3o da Costa [&hellip;]<\/p>\n","protected":false},"author":1,"featured_media":33101,"comment_status":"open","ping_status":"open","sticky":false,"template":"","format":"standard","meta":[],"categories":[60,22],"tags":[],"_links":{"self":[{"href":"http:\/\/www.portalmantena.com.br\/novo\/index.php?rest_route=\/wp\/v2\/posts\/33100"}],"collection":[{"href":"http:\/\/www.portalmantena.com.br\/novo\/index.php?rest_route=\/wp\/v2\/posts"}],"about":[{"href":"http:\/\/www.portalmantena.com.br\/novo\/index.php?rest_route=\/wp\/v2\/types\/post"}],"author":[{"embeddable":true,"href":"http:\/\/www.portalmantena.com.br\/novo\/index.php?rest_route=\/wp\/v2\/users\/1"}],"replies":[{"embeddable":true,"href":"http:\/\/www.portalmantena.com.br\/novo\/index.php?rest_route=%2Fwp%2Fv2%2Fcomments&post=33100"}],"version-history":[{"count":1,"href":"http:\/\/www.portalmantena.com.br\/novo\/index.php?rest_route=\/wp\/v2\/posts\/33100\/revisions"}],"predecessor-version":[{"id":33102,"href":"http:\/\/www.portalmantena.com.br\/novo\/index.php?rest_route=\/wp\/v2\/posts\/33100\/revisions\/33102"}],"wp:featuredmedia":[{"embeddable":true,"href":"http:\/\/www.portalmantena.com.br\/novo\/index.php?rest_route=\/wp\/v2\/media\/33101"}],"wp:attachment":[{"href":"http:\/\/www.portalmantena.com.br\/novo\/index.php?rest_route=%2Fwp%2Fv2%2Fmedia&parent=33100"}],"wp:term":[{"taxonomy":"category","embeddable":true,"href":"http:\/\/www.portalmantena.com.br\/novo\/index.php?rest_route=%2Fwp%2Fv2%2Fcategories&post=33100"},{"taxonomy":"post_tag","embeddable":true,"href":"http:\/\/www.portalmantena.com.br\/novo\/index.php?rest_route=%2Fwp%2Fv2%2Ftags&post=33100"}],"curies":[{"name":"wp","href":"https:\/\/api.w.org\/{rel}","templated":true}]}}