{"id":33098,"date":"2018-07-16T13:56:17","date_gmt":"2018-07-16T16:56:17","guid":{"rendered":"http:\/\/www.portalmantena.com.br\/novo\/?p=33098"},"modified":"2018-07-16T13:56:17","modified_gmt":"2018-07-16T16:56:17","slug":"vereador-sargento-ricardo-prestigiando-evento-da-pm","status":"publish","type":"post","link":"http:\/\/www.portalmantena.com.br\/novo\/?p=33098","title":{"rendered":"Vereador Sargento Ricardo prestigiando evento da PM"},"content":{"rendered":"<p><a href=\"http:\/\/www.portalmantena.com.br\/novo\/wp-content\/uploads\/2018\/07\/no160718cia4.jpg\"><img loading=\"lazy\" class=\"alignnone size-full wp-image-33092\" src=\"http:\/\/www.portalmantena.com.br\/novo\/wp-content\/uploads\/2018\/07\/no160718cia4.jpg\" alt=\"\" width=\"700\" height=\"450\" srcset=\"http:\/\/www.portalmantena.com.br\/novo\/wp-content\/uploads\/2018\/07\/no160718cia4.jpg 700w, http:\/\/www.portalmantena.com.br\/novo\/wp-content\/uploads\/2018\/07\/no160718cia4-300x193.jpg 300w, http:\/\/www.portalmantena.com.br\/novo\/wp-content\/uploads\/2018\/07\/no160718cia4-696x447.jpg 696w, http:\/\/www.portalmantena.com.br\/novo\/wp-content\/uploads\/2018\/07\/no160718cia4-653x420.jpg 653w\" sizes=\"(max-width: 700px) 100vw, 700px\" \/><\/a><\/p>\n<p><span style=\"font-size: 14pt;\">O vereador mantenense Sargento Ricardo, prestigiou na \u00faltima sexta-feira dia 13 de Julho, a realiza\u00e7\u00e3o de um evento interno da Pol\u00edcia Militar de Mantena, onde alguns policiais militares foram homenageados como destaque profissional no desempenho de suas atividades durante o segundo trimestre de 2018. <\/span><\/p>\n<p><span style=\"font-size: 14pt;\">Como a companhia em Mantena se tornou Independente, eventos desta natureza s\u00e3o realizados com este intuito, de valorizar o PM no desempenho de sua fun\u00e7\u00e3o. <\/span><\/p>\n<p><span style=\"font-size: 14pt;\">O vereador Sargento Ricardo, como um militar hoje na reserva sabe bem o que \u00e9 ser lembrado, ser um PM que acima de tudo \u00e9 respeitado e valorizado no cumprimento de suas fun\u00e7\u00f5es, e desta forma, apoia estas iniciativas e como ele mesmo disse, \u00e9 uma profiss\u00e3o pela qual sentiu orgulho em servir e sente-se emocionado por participar de momentos como este. <\/span><\/p>\n<p><span style=\"font-size: 14pt;\">Ele parabenizou todos os amigos e companheiros de farda em mais este momento de destaque e de aprova\u00e7\u00e3o principalmente pela popula\u00e7\u00e3o mantenense.<\/span><\/p>\n<p><a href=\"http:\/\/www.portalmantena.com.br\/novo\/wp-content\/uploads\/2018\/07\/no160718cia3.jpg\"><img loading=\"lazy\" class=\"alignnone size-full wp-image-33091\" src=\"http:\/\/www.portalmantena.com.br\/novo\/wp-content\/uploads\/2018\/07\/no160718cia3.jpg\" alt=\"\" width=\"700\" height=\"450\" srcset=\"http:\/\/www.portalmantena.com.br\/novo\/wp-content\/uploads\/2018\/07\/no160718cia3.jpg 700w, http:\/\/www.portalmantena.com.br\/novo\/wp-content\/uploads\/2018\/07\/no160718cia3-300x193.jpg 300w, http:\/\/www.portalmantena.com.br\/novo\/wp-content\/uploads\/2018\/07\/no160718cia3-696x447.jpg 696w, http:\/\/www.portalmantena.com.br\/novo\/wp-content\/uploads\/2018\/07\/no160718cia3-653x420.jpg 653w\" sizes=\"(max-width: 700px) 100vw, 700px\" \/><\/a> <a href=\"http:\/\/www.portalmantena.com.br\/novo\/wp-content\/uploads\/2018\/07\/no160718cia2.jpg\"><img loading=\"lazy\" class=\"alignnone size-full wp-image-33090\" src=\"http:\/\/www.portalmantena.com.br\/novo\/wp-content\/uploads\/2018\/07\/no160718cia2.jpg\" alt=\"\" width=\"700\" height=\"450\" srcset=\"http:\/\/www.portalmantena.com.br\/novo\/wp-content\/uploads\/2018\/07\/no160718cia2.jpg 700w, http:\/\/www.portalmantena.com.br\/novo\/wp-content\/uploads\/2018\/07\/no160718cia2-300x193.jpg 300w, http:\/\/www.portalmantena.com.br\/novo\/wp-content\/uploads\/2018\/07\/no160718cia2-696x447.jpg 696w, http:\/\/www.portalmantena.com.br\/novo\/wp-content\/uploads\/2018\/07\/no160718cia2-653x420.jpg 653w\" sizes=\"(max-width: 700px) 100vw, 700px\" \/><\/a> <a href=\"http:\/\/www.portalmantena.com.br\/novo\/wp-content\/uploads\/2018\/07\/no160718cia1.jpg\"><img loading=\"lazy\" class=\"alignnone size-full wp-image-33089\" src=\"http:\/\/www.portalmantena.com.br\/novo\/wp-content\/uploads\/2018\/07\/no160718cia1.jpg\" alt=\"\" width=\"700\" height=\"450\" srcset=\"http:\/\/www.portalmantena.com.br\/novo\/wp-content\/uploads\/2018\/07\/no160718cia1.jpg 700w, http:\/\/www.portalmantena.com.br\/novo\/wp-content\/uploads\/2018\/07\/no160718cia1-300x193.jpg 300w, http:\/\/www.portalmantena.com.br\/novo\/wp-content\/uploads\/2018\/07\/no160718cia1-696x447.jpg 696w, http:\/\/www.portalmantena.com.br\/novo\/wp-content\/uploads\/2018\/07\/no160718cia1-653x420.jpg 653w\" sizes=\"(max-width: 700px) 100vw, 700px\" \/><\/a><\/p>\n<p>&nbsp;<\/p>\n<p><span style=\"font-size: 10pt;\">ESPA\u00c7O EMPRESARIAL<\/span><a href=\"https:\/\/www.facebook.com\/redevalente\/\"><img loading=\"lazy\" class=\"alignnone size-full wp-image-29377\" src=\"http:\/\/www.portalmantena.com.br\/novo\/wp-content\/uploads\/2018\/05\/valente210518bb.jpg\" alt=\"\" width=\"700\" height=\"150\" srcset=\"http:\/\/www.portalmantena.com.br\/novo\/wp-content\/uploads\/2018\/05\/valente210518bb.jpg 700w, http:\/\/www.portalmantena.com.br\/novo\/wp-content\/uploads\/2018\/05\/valente210518bb-300x64.jpg 300w, http:\/\/www.portalmantena.com.br\/novo\/wp-content\/uploads\/2018\/05\/valente210518bb-696x150.jpg 696w\" sizes=\"(max-width: 700px) 100vw, 700px\" \/><\/a><\/p>\n","protected":false},"excerpt":{"rendered":"<p>O vereador mantenense Sargento Ricardo, prestigiou na \u00faltima sexta-feira dia 13 de Julho, a realiza\u00e7\u00e3o de um evento interno da Pol\u00edcia Militar de Mantena, onde alguns policiais militares foram homenageados como destaque profissional no desempenho de suas atividades durante o segundo trimestre de 2018. Como a companhia em Mantena se tornou Independente, eventos desta natureza [&hellip;]<\/p>\n","protected":false},"author":1,"featured_media":33092,"comment_status":"open","ping_status":"open","sticky":false,"template":"","format":"standard","meta":[],"categories":[36,69],"tags":[],"_links":{"self":[{"href":"http:\/\/www.portalmantena.com.br\/novo\/index.php?rest_route=\/wp\/v2\/posts\/33098"}],"collection":[{"href":"http:\/\/www.portalmantena.com.br\/novo\/index.php?rest_route=\/wp\/v2\/posts"}],"about":[{"href":"http:\/\/www.portalmantena.com.br\/novo\/index.php?rest_route=\/wp\/v2\/types\/post"}],"author":[{"embeddable":true,"href":"http:\/\/www.portalmantena.com.br\/novo\/index.php?rest_route=\/wp\/v2\/users\/1"}],"replies":[{"embeddable":true,"href":"http:\/\/www.portalmantena.com.br\/novo\/index.php?rest_route=%2Fwp%2Fv2%2Fcomments&post=33098"}],"version-history":[{"count":1,"href":"http:\/\/www.portalmantena.com.br\/novo\/index.php?rest_route=\/wp\/v2\/posts\/33098\/revisions"}],"predecessor-version":[{"id":33099,"href":"http:\/\/www.portalmantena.com.br\/novo\/index.php?rest_route=\/wp\/v2\/posts\/33098\/revisions\/33099"}],"wp:featuredmedia":[{"embeddable":true,"href":"http:\/\/www.portalmantena.com.br\/novo\/index.php?rest_route=\/wp\/v2\/media\/33092"}],"wp:attachment":[{"href":"http:\/\/www.portalmantena.com.br\/novo\/index.php?rest_route=%2Fwp%2Fv2%2Fmedia&parent=33098"}],"wp:term":[{"taxonomy":"category","embeddable":true,"href":"http:\/\/www.portalmantena.com.br\/novo\/index.php?rest_route=%2Fwp%2Fv2%2Fcategories&post=33098"},{"taxonomy":"post_tag","embeddable":true,"href":"http:\/\/www.portalmantena.com.br\/novo\/index.php?rest_route=%2Fwp%2Fv2%2Ftags&post=33098"}],"curies":[{"name":"wp","href":"https:\/\/api.w.org\/{rel}","templated":true}]}}