{"id":33068,"date":"2018-07-19T11:54:47","date_gmt":"2018-07-19T14:54:47","guid":{"rendered":"http:\/\/www.portalmantena.com.br\/novo\/?p=33068"},"modified":"2018-07-23T08:00:45","modified_gmt":"2018-07-23T11:00:45","slug":"dia-19-tem-moda-de-viola-ao-vivo-em-mantena","status":"publish","type":"post","link":"http:\/\/www.portalmantena.com.br\/novo\/?p=33068","title":{"rendered":"Nesta quinta-feira tem Moda de Viola AO VIVO em Mantena"},"content":{"rendered":"<p><a href=\"http:\/\/www.portalmantena.com.br\/novo\/wp-content\/uploads\/2018\/07\/no160718viola.jpg\"><img loading=\"lazy\" class=\"alignnone size-full wp-image-33086\" src=\"http:\/\/www.portalmantena.com.br\/novo\/wp-content\/uploads\/2018\/07\/no160718viola.jpg\" alt=\"\" width=\"700\" height=\"450\" srcset=\"http:\/\/www.portalmantena.com.br\/novo\/wp-content\/uploads\/2018\/07\/no160718viola.jpg 700w, http:\/\/www.portalmantena.com.br\/novo\/wp-content\/uploads\/2018\/07\/no160718viola-300x193.jpg 300w, http:\/\/www.portalmantena.com.br\/novo\/wp-content\/uploads\/2018\/07\/no160718viola-696x447.jpg 696w, http:\/\/www.portalmantena.com.br\/novo\/wp-content\/uploads\/2018\/07\/no160718viola-653x420.jpg 653w\" sizes=\"(max-width: 700px) 100vw, 700px\" \/><\/a><\/p>\n<p><span style=\"font-size: 14pt;\">O espa\u00e7o cultural das quintas-feiras na pra\u00e7a Fernandes Filho no centro em Mantena tr\u00e1s mais uma novidade em atra\u00e7\u00f5es, que visa integrar ainda mais a comunidade aos artistas, e ainda promover a revitaliza\u00e7\u00e3o e o sucesso da Feira de Artesanato e Gastronomia que j\u00e1 \u00e9 uma marca registrada em Mantena nas noites semanais. <\/span><\/p>\n<p><span style=\"font-size: 14pt;\">Na pr\u00f3xima quinta-feira dia 19 de Julho, a Feirinha ter\u00e1 o espa\u00e7o musical todo dedicado \u00e0 MODA DE VIOLA. <\/span><\/p>\n<p><span style=\"font-size: 14pt;\">O ritmo da terra que re\u00fane sempre amigos, apresentar\u00e1 a partir das 19h30\u2019 os artistas regionais, Pedro Sanfoneiro, Onofrinho e Ant\u00f4nio Viola. Re\u00fana amigos e a fam\u00edlia e prestigie mais este belo momento da m\u00fasica de raiz na pra\u00e7a AO VIVO.<\/span><\/p>\n<p>&nbsp;<\/p>\n<p><span style=\"font-size: 10pt;\">ESPA\u00c7O EMPRESARIAL<\/span><a href=\"http:\/\/www.portalmantena.com.br\/novo\/?p=16284\"><img loading=\"lazy\" class=\"alignnone size-full wp-image-29167\" src=\"http:\/\/www.portalmantena.com.br\/novo\/wp-content\/uploads\/2018\/05\/honcafaixa.jpg\" alt=\"\" width=\"700\" height=\"150\" srcset=\"http:\/\/www.portalmantena.com.br\/novo\/wp-content\/uploads\/2018\/05\/honcafaixa.jpg 700w, http:\/\/www.portalmantena.com.br\/novo\/wp-content\/uploads\/2018\/05\/honcafaixa-300x64.jpg 300w, http:\/\/www.portalmantena.com.br\/novo\/wp-content\/uploads\/2018\/05\/honcafaixa-696x150.jpg 696w\" sizes=\"(max-width: 700px) 100vw, 700px\" \/><\/a><\/p>\n","protected":false},"excerpt":{"rendered":"<p>O espa\u00e7o cultural das quintas-feiras na pra\u00e7a Fernandes Filho no centro em Mantena tr\u00e1s mais uma novidade em atra\u00e7\u00f5es, que visa integrar ainda mais a comunidade aos artistas, e ainda promover a revitaliza\u00e7\u00e3o e o sucesso da Feira de Artesanato e Gastronomia que j\u00e1 \u00e9 uma marca registrada em Mantena nas noites semanais. Na pr\u00f3xima [&hellip;]<\/p>\n","protected":false},"author":1,"featured_media":33086,"comment_status":"open","ping_status":"open","sticky":false,"template":"","format":"standard","meta":[],"categories":[60,36],"tags":[],"_links":{"self":[{"href":"http:\/\/www.portalmantena.com.br\/novo\/index.php?rest_route=\/wp\/v2\/posts\/33068"}],"collection":[{"href":"http:\/\/www.portalmantena.com.br\/novo\/index.php?rest_route=\/wp\/v2\/posts"}],"about":[{"href":"http:\/\/www.portalmantena.com.br\/novo\/index.php?rest_route=\/wp\/v2\/types\/post"}],"author":[{"embeddable":true,"href":"http:\/\/www.portalmantena.com.br\/novo\/index.php?rest_route=\/wp\/v2\/users\/1"}],"replies":[{"embeddable":true,"href":"http:\/\/www.portalmantena.com.br\/novo\/index.php?rest_route=%2Fwp%2Fv2%2Fcomments&post=33068"}],"version-history":[{"count":2,"href":"http:\/\/www.portalmantena.com.br\/novo\/index.php?rest_route=\/wp\/v2\/posts\/33068\/revisions"}],"predecessor-version":[{"id":33312,"href":"http:\/\/www.portalmantena.com.br\/novo\/index.php?rest_route=\/wp\/v2\/posts\/33068\/revisions\/33312"}],"wp:featuredmedia":[{"embeddable":true,"href":"http:\/\/www.portalmantena.com.br\/novo\/index.php?rest_route=\/wp\/v2\/media\/33086"}],"wp:attachment":[{"href":"http:\/\/www.portalmantena.com.br\/novo\/index.php?rest_route=%2Fwp%2Fv2%2Fmedia&parent=33068"}],"wp:term":[{"taxonomy":"category","embeddable":true,"href":"http:\/\/www.portalmantena.com.br\/novo\/index.php?rest_route=%2Fwp%2Fv2%2Fcategories&post=33068"},{"taxonomy":"post_tag","embeddable":true,"href":"http:\/\/www.portalmantena.com.br\/novo\/index.php?rest_route=%2Fwp%2Fv2%2Ftags&post=33068"}],"curies":[{"name":"wp","href":"https:\/\/api.w.org\/{rel}","templated":true}]}}