{"id":33030,"date":"2018-07-16T10:21:08","date_gmt":"2018-07-16T13:21:08","guid":{"rendered":"http:\/\/www.portalmantena.com.br\/novo\/?p=33030"},"modified":"2018-07-16T10:21:23","modified_gmt":"2018-07-16T13:21:23","slug":"14jul-ebf-na-pib-de-mantena-reuniu-dezenas-de-criancas","status":"publish","type":"post","link":"http:\/\/www.portalmantena.com.br\/novo\/?p=33030","title":{"rendered":"14JUL &#8211; EBF na PIB de Mantena reuniu muitas crian\u00e7as"},"content":{"rendered":"<p><strong><a href=\"http:\/\/www.portalmantena.com.br\/novo\/wp-content\/uploads\/2017\/06\/diabaner-1.jpg\"><img loading=\"lazy\" class=\"alignnone size-full wp-image-8000\" src=\"http:\/\/www.portalmantena.com.br\/novo\/wp-content\/uploads\/2017\/06\/diabaner-1.jpg\" alt=\"\" width=\"650\" height=\"100\" srcset=\"http:\/\/www.portalmantena.com.br\/novo\/wp-content\/uploads\/2017\/06\/diabaner-1.jpg 650w, http:\/\/www.portalmantena.com.br\/novo\/wp-content\/uploads\/2017\/06\/diabaner-1-300x46.jpg 300w\" sizes=\"(max-width: 650px) 100vw, 650px\" \/><\/a><\/strong><a href=\"http:\/\/www.portalmantena.com.br\/novo\/wp-content\/uploads\/2018\/07\/dia160718c.jpg\"><img loading=\"lazy\" class=\"alignnone size-full wp-image-33033\" src=\"http:\/\/www.portalmantena.com.br\/novo\/wp-content\/uploads\/2018\/07\/dia160718c.jpg\" alt=\"\" width=\"700\" height=\"450\" srcset=\"http:\/\/www.portalmantena.com.br\/novo\/wp-content\/uploads\/2018\/07\/dia160718c.jpg 700w, http:\/\/www.portalmantena.com.br\/novo\/wp-content\/uploads\/2018\/07\/dia160718c-300x193.jpg 300w, http:\/\/www.portalmantena.com.br\/novo\/wp-content\/uploads\/2018\/07\/dia160718c-696x447.jpg 696w, http:\/\/www.portalmantena.com.br\/novo\/wp-content\/uploads\/2018\/07\/dia160718c-653x420.jpg 653w\" sizes=\"(max-width: 700px) 100vw, 700px\" \/><\/a><\/p>\n<p><strong>14\u00a0de Julho<\/strong>\u00a0&#8211;\u00a0Foi realizado no templo da Primeira Igreja Batista de Mantena no \u00faltimo final de semana, mais uma edi\u00e7\u00e3o da EBF- Escola B\u00edblica de F\u00e9rias.<\/p>\n<p>E as crian\u00e7as se divertiram al\u00e9m \u00e9 claro de aprender um pouco mais da palavra de Deus.\u00a0 O evento aconteceu neste s\u00e1bado e domingo e foi uma ben\u00e7\u00e3o.<\/p>\n<p><a href=\"http:\/\/www.portalmantena.com.br\/novo\/wp-content\/uploads\/2018\/07\/dia160718b.jpg\"><img loading=\"lazy\" class=\"alignnone size-full wp-image-33032\" src=\"http:\/\/www.portalmantena.com.br\/novo\/wp-content\/uploads\/2018\/07\/dia160718b.jpg\" alt=\"\" width=\"700\" height=\"450\" srcset=\"http:\/\/www.portalmantena.com.br\/novo\/wp-content\/uploads\/2018\/07\/dia160718b.jpg 700w, http:\/\/www.portalmantena.com.br\/novo\/wp-content\/uploads\/2018\/07\/dia160718b-300x193.jpg 300w, http:\/\/www.portalmantena.com.br\/novo\/wp-content\/uploads\/2018\/07\/dia160718b-696x447.jpg 696w, http:\/\/www.portalmantena.com.br\/novo\/wp-content\/uploads\/2018\/07\/dia160718b-653x420.jpg 653w\" sizes=\"(max-width: 700px) 100vw, 700px\" \/><\/a><\/p>\n<p>&nbsp;<\/p>\n<p><span style=\"font-size: 10pt;\">ESPA\u00c7O EMPRESARIAL<\/span><a href=\"https:\/\/www.facebook.com\/Tekol-Basic-1148561818529027\/\"><img src=\"http:\/\/www.portalmantena.com.br\/novo\/wp-content\/uploads\/2018\/07\/tekol160718banner.jpg\" \/><\/a><\/p>\n","protected":false},"excerpt":{"rendered":"<p>14\u00a0de Julho\u00a0&#8211;\u00a0Foi realizado no templo da Primeira Igreja Batista de Mantena no \u00faltimo final de semana, mais uma edi\u00e7\u00e3o da EBF- Escola B\u00edblica de F\u00e9rias. E as crian\u00e7as se divertiram al\u00e9m \u00e9 claro de aprender um pouco mais da palavra de Deus.\u00a0 O evento aconteceu neste s\u00e1bado e domingo e foi uma ben\u00e7\u00e3o. &nbsp; ESPA\u00c7O [&hellip;]<\/p>\n","protected":false},"author":1,"featured_media":33033,"comment_status":"open","ping_status":"open","sticky":false,"template":"","format":"standard","meta":[],"categories":[50],"tags":[],"_links":{"self":[{"href":"http:\/\/www.portalmantena.com.br\/novo\/index.php?rest_route=\/wp\/v2\/posts\/33030"}],"collection":[{"href":"http:\/\/www.portalmantena.com.br\/novo\/index.php?rest_route=\/wp\/v2\/posts"}],"about":[{"href":"http:\/\/www.portalmantena.com.br\/novo\/index.php?rest_route=\/wp\/v2\/types\/post"}],"author":[{"embeddable":true,"href":"http:\/\/www.portalmantena.com.br\/novo\/index.php?rest_route=\/wp\/v2\/users\/1"}],"replies":[{"embeddable":true,"href":"http:\/\/www.portalmantena.com.br\/novo\/index.php?rest_route=%2Fwp%2Fv2%2Fcomments&post=33030"}],"version-history":[{"count":2,"href":"http:\/\/www.portalmantena.com.br\/novo\/index.php?rest_route=\/wp\/v2\/posts\/33030\/revisions"}],"predecessor-version":[{"id":33035,"href":"http:\/\/www.portalmantena.com.br\/novo\/index.php?rest_route=\/wp\/v2\/posts\/33030\/revisions\/33035"}],"wp:featuredmedia":[{"embeddable":true,"href":"http:\/\/www.portalmantena.com.br\/novo\/index.php?rest_route=\/wp\/v2\/media\/33033"}],"wp:attachment":[{"href":"http:\/\/www.portalmantena.com.br\/novo\/index.php?rest_route=%2Fwp%2Fv2%2Fmedia&parent=33030"}],"wp:term":[{"taxonomy":"category","embeddable":true,"href":"http:\/\/www.portalmantena.com.br\/novo\/index.php?rest_route=%2Fwp%2Fv2%2Fcategories&post=33030"},{"taxonomy":"post_tag","embeddable":true,"href":"http:\/\/www.portalmantena.com.br\/novo\/index.php?rest_route=%2Fwp%2Fv2%2Ftags&post=33030"}],"curies":[{"name":"wp","href":"https:\/\/api.w.org\/{rel}","templated":true}]}}