{"id":33023,"date":"2018-07-16T10:03:36","date_gmt":"2018-07-16T13:03:36","guid":{"rendered":"http:\/\/www.portalmantena.com.br\/novo\/?p=33023"},"modified":"2018-07-16T10:03:36","modified_gmt":"2018-07-16T13:03:36","slug":"homem-e-morto-a-tiros-em-barra-do-ariranha","status":"publish","type":"post","link":"http:\/\/www.portalmantena.com.br\/novo\/?p=33023","title":{"rendered":"Homem \u00e9 morto a tiros em Barra do Ariranha"},"content":{"rendered":"<p><a href=\"http:\/\/www.portalmantena.com.br\/novo\/wp-content\/uploads\/2018\/07\/pm1.jpg\"><img loading=\"lazy\" class=\"alignnone size-full wp-image-33024\" src=\"http:\/\/www.portalmantena.com.br\/novo\/wp-content\/uploads\/2018\/07\/pm1.jpg\" alt=\"\" width=\"700\" height=\"450\" srcset=\"http:\/\/www.portalmantena.com.br\/novo\/wp-content\/uploads\/2018\/07\/pm1.jpg 700w, http:\/\/www.portalmantena.com.br\/novo\/wp-content\/uploads\/2018\/07\/pm1-300x193.jpg 300w, http:\/\/www.portalmantena.com.br\/novo\/wp-content\/uploads\/2018\/07\/pm1-696x447.jpg 696w, http:\/\/www.portalmantena.com.br\/novo\/wp-content\/uploads\/2018\/07\/pm1-653x420.jpg 653w\" sizes=\"(max-width: 700px) 100vw, 700px\" \/><\/a><\/p>\n<p><span style=\"font-size: 14pt;\">Desentendimento pode ter sido o motivo de um homic\u00eddio consumado na noite deste domingo dia 15 de Julho no munic\u00edpio de Mantena. <\/span><\/p>\n<p><span style=\"font-size: 14pt;\">O lament\u00e1vel fato aconteceu no distrito de Barra do Ariranha, munic\u00edpio de Mantena. <\/span><\/p>\n<p><span style=\"font-size: 14pt;\">Segundo informa\u00e7\u00f5es, a v\u00edtima Gilmar Francisco dos Santos, de 40 anos, conhecido como \u201cChapolim\u201d foi alvejado por disparos com arma de fogo, n\u00e3o resistiu aos ferimentos e acabou morrendo no local. <\/span><\/p>\n<p><span style=\"font-size: 14pt;\">Ca\u00eddo ao ch\u00e3o (de bru\u00e7os), a \u00e1rea foi isolada at\u00e9 a chegada da pol\u00edcia militar. <\/span><span style=\"font-size: 14pt;\">O corpo ser\u00e1 encaminhado para o IML em Governador Valadares. <\/span><\/p>\n<p><span style=\"font-size: 14pt;\">De acordo com informa\u00e7\u00f5es, o crime pode ter sido cometido em fun\u00e7\u00e3o de um desentendimento com o autor, que teria acontecido na noite da \u00faltima sexta-feira dia 13 de Julho, fatos que ser\u00e3o apurados pela pol\u00edcia. A autoria deste crime tamb\u00e9m j\u00e1 est\u00e1 sendo confirmada pela pol\u00edcia militar.<\/span><\/p>\n<p>&nbsp;<\/p>\n<p><span style=\"font-size: 10pt;\">ESPA\u00c7O EMPRESARIAL<\/span><a href=\"http:\/\/www.portalmantena.com.br\/novo\/?p=16284\"><img loading=\"lazy\" class=\"alignnone size-full wp-image-29167\" src=\"http:\/\/www.portalmantena.com.br\/novo\/wp-content\/uploads\/2018\/05\/honcafaixa.jpg\" alt=\"\" width=\"700\" height=\"150\" srcset=\"http:\/\/www.portalmantena.com.br\/novo\/wp-content\/uploads\/2018\/05\/honcafaixa.jpg 700w, http:\/\/www.portalmantena.com.br\/novo\/wp-content\/uploads\/2018\/05\/honcafaixa-300x64.jpg 300w, http:\/\/www.portalmantena.com.br\/novo\/wp-content\/uploads\/2018\/05\/honcafaixa-696x150.jpg 696w\" sizes=\"(max-width: 700px) 100vw, 700px\" \/><\/a><\/p>\n","protected":false},"excerpt":{"rendered":"<p>Desentendimento pode ter sido o motivo de um homic\u00eddio consumado na noite deste domingo dia 15 de Julho no munic\u00edpio de Mantena. O lament\u00e1vel fato aconteceu no distrito de Barra do Ariranha, munic\u00edpio de Mantena. Segundo informa\u00e7\u00f5es, a v\u00edtima Gilmar Francisco dos Santos, de 40 anos, conhecido como \u201cChapolim\u201d foi alvejado por disparos com arma [&hellip;]<\/p>\n","protected":false},"author":1,"featured_media":33024,"comment_status":"open","ping_status":"open","sticky":false,"template":"","format":"standard","meta":[],"categories":[11,34],"tags":[],"_links":{"self":[{"href":"http:\/\/www.portalmantena.com.br\/novo\/index.php?rest_route=\/wp\/v2\/posts\/33023"}],"collection":[{"href":"http:\/\/www.portalmantena.com.br\/novo\/index.php?rest_route=\/wp\/v2\/posts"}],"about":[{"href":"http:\/\/www.portalmantena.com.br\/novo\/index.php?rest_route=\/wp\/v2\/types\/post"}],"author":[{"embeddable":true,"href":"http:\/\/www.portalmantena.com.br\/novo\/index.php?rest_route=\/wp\/v2\/users\/1"}],"replies":[{"embeddable":true,"href":"http:\/\/www.portalmantena.com.br\/novo\/index.php?rest_route=%2Fwp%2Fv2%2Fcomments&post=33023"}],"version-history":[{"count":1,"href":"http:\/\/www.portalmantena.com.br\/novo\/index.php?rest_route=\/wp\/v2\/posts\/33023\/revisions"}],"predecessor-version":[{"id":33025,"href":"http:\/\/www.portalmantena.com.br\/novo\/index.php?rest_route=\/wp\/v2\/posts\/33023\/revisions\/33025"}],"wp:featuredmedia":[{"embeddable":true,"href":"http:\/\/www.portalmantena.com.br\/novo\/index.php?rest_route=\/wp\/v2\/media\/33024"}],"wp:attachment":[{"href":"http:\/\/www.portalmantena.com.br\/novo\/index.php?rest_route=%2Fwp%2Fv2%2Fmedia&parent=33023"}],"wp:term":[{"taxonomy":"category","embeddable":true,"href":"http:\/\/www.portalmantena.com.br\/novo\/index.php?rest_route=%2Fwp%2Fv2%2Fcategories&post=33023"},{"taxonomy":"post_tag","embeddable":true,"href":"http:\/\/www.portalmantena.com.br\/novo\/index.php?rest_route=%2Fwp%2Fv2%2Ftags&post=33023"}],"curies":[{"name":"wp","href":"https:\/\/api.w.org\/{rel}","templated":true}]}}