{"id":33018,"date":"2018-07-16T09:24:24","date_gmt":"2018-07-16T12:24:24","guid":{"rendered":"http:\/\/www.portalmantena.com.br\/novo\/?p=33018"},"modified":"2018-07-16T09:24:24","modified_gmt":"2018-07-16T12:24:24","slug":"vazamento-na-rede-mestre-interrompeu-fornecimento-de-agua","status":"publish","type":"post","link":"http:\/\/www.portalmantena.com.br\/novo\/?p=33018","title":{"rendered":"Vazamento na rede mestre interrompeu fornecimento de \u00e1gua"},"content":{"rendered":"<p><a href=\"http:\/\/www.portalmantena.com.br\/novo\/wp-content\/uploads\/2018\/07\/no160718agua1.jpg\"><img loading=\"lazy\" class=\"alignnone size-full wp-image-33019\" src=\"http:\/\/www.portalmantena.com.br\/novo\/wp-content\/uploads\/2018\/07\/no160718agua1.jpg\" alt=\"\" width=\"700\" height=\"450\" srcset=\"http:\/\/www.portalmantena.com.br\/novo\/wp-content\/uploads\/2018\/07\/no160718agua1.jpg 700w, http:\/\/www.portalmantena.com.br\/novo\/wp-content\/uploads\/2018\/07\/no160718agua1-300x193.jpg 300w, http:\/\/www.portalmantena.com.br\/novo\/wp-content\/uploads\/2018\/07\/no160718agua1-696x447.jpg 696w, http:\/\/www.portalmantena.com.br\/novo\/wp-content\/uploads\/2018\/07\/no160718agua1-653x420.jpg 653w\" sizes=\"(max-width: 700px) 100vw, 700px\" \/><\/a><\/p>\n<p><span style=\"font-size: 14pt;\">O SAAE de Mantena, comunicou um vazamento de \u00e1gua na tarde deste domingo (15), fato que acabou sendo necess\u00e1ria a interrup\u00e7\u00e3o no fornecimento de \u00e1gua, que atingiu praticamente a cidade inteira. <\/span><\/p>\n<p><span style=\"font-size: 14pt;\">Segundo informa\u00e7\u00f5es, uma rede mestre de distribui\u00e7\u00e3o de \u00e1gua tratada se rompeu na rua Professor Derly Jos\u00e9 de Almeida, no centro da cidade, em uma profundidade e complexidade que exigiu uma equipe de manuten\u00e7\u00e3o equipada com uma retroescavadeira. <\/span><\/p>\n<p><span style=\"font-size: 14pt;\">Os servidores do SAAE trabalharam no local na tarde deste domingo para recuperar o cano que se rompeu. Foi feita uma previs\u00e3o de que os reparos seriam conclu\u00eddos por volta das 18 horas se n\u00e3o houvesse imprevistos. <\/span><\/p>\n<p><span style=\"font-size: 14pt;\">O fornecimento de \u00e1gua ficou interrompido por algumas horas, por\u00e9m j\u00e1 no final da tarde o abastecimento j\u00e1 havia se restabelecido em v\u00e1rios bairros.<\/span><\/p>\n<p><a href=\"http:\/\/www.portalmantena.com.br\/novo\/wp-content\/uploads\/2018\/07\/no160718agua2.jpg\"><img loading=\"lazy\" class=\"alignnone size-full wp-image-33020\" src=\"http:\/\/www.portalmantena.com.br\/novo\/wp-content\/uploads\/2018\/07\/no160718agua2.jpg\" alt=\"\" width=\"700\" height=\"450\" srcset=\"http:\/\/www.portalmantena.com.br\/novo\/wp-content\/uploads\/2018\/07\/no160718agua2.jpg 700w, http:\/\/www.portalmantena.com.br\/novo\/wp-content\/uploads\/2018\/07\/no160718agua2-300x193.jpg 300w, http:\/\/www.portalmantena.com.br\/novo\/wp-content\/uploads\/2018\/07\/no160718agua2-696x447.jpg 696w, http:\/\/www.portalmantena.com.br\/novo\/wp-content\/uploads\/2018\/07\/no160718agua2-653x420.jpg 653w\" sizes=\"(max-width: 700px) 100vw, 700px\" \/><\/a> <a href=\"http:\/\/www.portalmantena.com.br\/novo\/wp-content\/uploads\/2018\/07\/no160718agua3.jpg\"><img loading=\"lazy\" class=\"alignnone size-full wp-image-33021\" src=\"http:\/\/www.portalmantena.com.br\/novo\/wp-content\/uploads\/2018\/07\/no160718agua3.jpg\" alt=\"\" width=\"700\" height=\"450\" srcset=\"http:\/\/www.portalmantena.com.br\/novo\/wp-content\/uploads\/2018\/07\/no160718agua3.jpg 700w, http:\/\/www.portalmantena.com.br\/novo\/wp-content\/uploads\/2018\/07\/no160718agua3-300x193.jpg 300w, http:\/\/www.portalmantena.com.br\/novo\/wp-content\/uploads\/2018\/07\/no160718agua3-696x447.jpg 696w, http:\/\/www.portalmantena.com.br\/novo\/wp-content\/uploads\/2018\/07\/no160718agua3-653x420.jpg 653w\" sizes=\"(max-width: 700px) 100vw, 700px\" \/><\/a><\/p>\n<p><span style=\"font-size: 10pt;\">ESPA\u00c7O EMPRESARIAL<\/span><img loading=\"lazy\" class=\"alignnone size-full wp-image-30339\" src=\"http:\/\/www.portalmantena.com.br\/novo\/wp-content\/uploads\/2018\/05\/casadastintas.jpg\" alt=\"\" width=\"700\" height=\"150\" srcset=\"http:\/\/www.portalmantena.com.br\/novo\/wp-content\/uploads\/2018\/05\/casadastintas.jpg 700w, http:\/\/www.portalmantena.com.br\/novo\/wp-content\/uploads\/2018\/05\/casadastintas-300x64.jpg 300w, http:\/\/www.portalmantena.com.br\/novo\/wp-content\/uploads\/2018\/05\/casadastintas-696x150.jpg 696w\" sizes=\"(max-width: 700px) 100vw, 700px\" \/><\/p>\n<p>&nbsp;<\/p>\n","protected":false},"excerpt":{"rendered":"<p>O SAAE de Mantena, comunicou um vazamento de \u00e1gua na tarde deste domingo (15), fato que acabou sendo necess\u00e1ria a interrup\u00e7\u00e3o no fornecimento de \u00e1gua, que atingiu praticamente a cidade inteira. Segundo informa\u00e7\u00f5es, uma rede mestre de distribui\u00e7\u00e3o de \u00e1gua tratada se rompeu na rua Professor Derly Jos\u00e9 de Almeida, no centro da cidade, em [&hellip;]<\/p>\n","protected":false},"author":1,"featured_media":33019,"comment_status":"open","ping_status":"open","sticky":false,"template":"","format":"standard","meta":[],"categories":[36,11],"tags":[],"_links":{"self":[{"href":"http:\/\/www.portalmantena.com.br\/novo\/index.php?rest_route=\/wp\/v2\/posts\/33018"}],"collection":[{"href":"http:\/\/www.portalmantena.com.br\/novo\/index.php?rest_route=\/wp\/v2\/posts"}],"about":[{"href":"http:\/\/www.portalmantena.com.br\/novo\/index.php?rest_route=\/wp\/v2\/types\/post"}],"author":[{"embeddable":true,"href":"http:\/\/www.portalmantena.com.br\/novo\/index.php?rest_route=\/wp\/v2\/users\/1"}],"replies":[{"embeddable":true,"href":"http:\/\/www.portalmantena.com.br\/novo\/index.php?rest_route=%2Fwp%2Fv2%2Fcomments&post=33018"}],"version-history":[{"count":1,"href":"http:\/\/www.portalmantena.com.br\/novo\/index.php?rest_route=\/wp\/v2\/posts\/33018\/revisions"}],"predecessor-version":[{"id":33022,"href":"http:\/\/www.portalmantena.com.br\/novo\/index.php?rest_route=\/wp\/v2\/posts\/33018\/revisions\/33022"}],"wp:featuredmedia":[{"embeddable":true,"href":"http:\/\/www.portalmantena.com.br\/novo\/index.php?rest_route=\/wp\/v2\/media\/33019"}],"wp:attachment":[{"href":"http:\/\/www.portalmantena.com.br\/novo\/index.php?rest_route=%2Fwp%2Fv2%2Fmedia&parent=33018"}],"wp:term":[{"taxonomy":"category","embeddable":true,"href":"http:\/\/www.portalmantena.com.br\/novo\/index.php?rest_route=%2Fwp%2Fv2%2Fcategories&post=33018"},{"taxonomy":"post_tag","embeddable":true,"href":"http:\/\/www.portalmantena.com.br\/novo\/index.php?rest_route=%2Fwp%2Fv2%2Ftags&post=33018"}],"curies":[{"name":"wp","href":"https:\/\/api.w.org\/{rel}","templated":true}]}}