{"id":33011,"date":"2018-07-16T08:41:03","date_gmt":"2018-07-16T11:41:03","guid":{"rendered":"http:\/\/www.portalmantena.com.br\/novo\/?p=33011"},"modified":"2018-07-16T10:58:35","modified_gmt":"2018-07-16T13:58:35","slug":"operacao-apreende-drogas-e-motocicletas-em-mantena-com-2-prisoes","status":"publish","type":"post","link":"http:\/\/www.portalmantena.com.br\/novo\/?p=33011","title":{"rendered":"Opera\u00e7\u00e3o apreende drogas e motocicletas em Mantena, com 2 pris\u00f5es"},"content":{"rendered":"<p><a href=\"http:\/\/www.portalmantena.com.br\/novo\/wp-content\/uploads\/2018\/07\/no160718pm1.jpg\"><img loading=\"lazy\" class=\"alignnone size-full wp-image-33012\" src=\"http:\/\/www.portalmantena.com.br\/novo\/wp-content\/uploads\/2018\/07\/no160718pm1.jpg\" alt=\"\" width=\"700\" height=\"450\" srcset=\"http:\/\/www.portalmantena.com.br\/novo\/wp-content\/uploads\/2018\/07\/no160718pm1.jpg 700w, http:\/\/www.portalmantena.com.br\/novo\/wp-content\/uploads\/2018\/07\/no160718pm1-300x193.jpg 300w, http:\/\/www.portalmantena.com.br\/novo\/wp-content\/uploads\/2018\/07\/no160718pm1-696x447.jpg 696w, http:\/\/www.portalmantena.com.br\/novo\/wp-content\/uploads\/2018\/07\/no160718pm1-653x420.jpg 653w\" sizes=\"(max-width: 700px) 100vw, 700px\" \/><\/a><\/p>\n<p><span style=\"font-size: 14pt;\">Na \u00faltima sexta-feira dia 13 de Julho, militares da POP \u2013 Patrulha de Opera\u00e7\u00f5es, de Mantena, comandados pelo 1\u00ba Tenente PM B\u00e9rthalo visualizaram uma motocicleta em atitude suspeita saindo do per\u00edmetro urbano de Mantena, seguindo em dire\u00e7\u00e3o \u00e0 estrada do C\u00f3rrego do Turvo, que d\u00e1 acesso \u00e0 cidade de Manten\u00f3polis\/ES. <\/span><\/p>\n<p><span style=\"font-size: 14pt;\">Ao abordar o ve\u00edculo o condutor tentou fugir, por\u00e9m foi contido pelos policiais que estavam atentos. <\/span><\/p>\n<p><span style=\"font-size: 14pt;\">O abordado estava com uma sacola na m\u00e3o; dentro da sacola haviam 02 tabletes de \u201cmaconha\u201d, etiquetados com o peso para a comercializa\u00e7\u00e3o. O produto localizado (droga) totalizava 1K e 80g. <\/span><\/p>\n<p><span style=\"font-size: 14pt;\">O autor foi preso em flagrante no local; a motocicleta e a droga foram apreendidas. Na resid\u00eancia desse autor foram encontradas DUAS BALAN\u00c7AS DE PRECIS\u00c3O, 15 (QUINZE) C\u00c9DULAS DE CEM REAIS (R$1.500,00) COM CARACTER\u00cdSTICAS DE INAUTENTICIDADE (FALSAS), E UMA POR\u00c7\u00c3O DE UMA SUBST\u00c2NCIA ESBRANQUI\u00c7ADA SEMELHANTE A COCA\u00cdNA. <\/span><\/p>\n<p><span style=\"font-size: 14pt;\">Ap\u00f3s a constata\u00e7\u00e3o de que outro homem estava envolvido no crime, as equipes coordenadas pela comandante da Unidade foram at\u00e9 a resid\u00eancia do segundo autor e localizaram, cerca de 400 GRAMAS, DE UM P\u00d3 BRANCO SEMELHANTE A \u00c1CIDO B\u00d3RICO. <\/span><\/p>\n<p><span style=\"font-size: 14pt;\">Este segundo envolvido foi preso; a motocicleta utilizada por ele e a subst\u00e2ncia foram apreendidas. Os presos e os produtos apreendidos foram conduzidos para a delegacia da Pol\u00edcia Federal em Governador Valadares. (fonte\/foto:PM).<\/span><\/p>\n<p><a href=\"http:\/\/www.portalmantena.com.br\/novo\/wp-content\/uploads\/2018\/07\/no160718pm2.jpg\"><img loading=\"lazy\" class=\"alignnone size-full wp-image-33013\" src=\"http:\/\/www.portalmantena.com.br\/novo\/wp-content\/uploads\/2018\/07\/no160718pm2.jpg\" alt=\"\" width=\"700\" height=\"450\" srcset=\"http:\/\/www.portalmantena.com.br\/novo\/wp-content\/uploads\/2018\/07\/no160718pm2.jpg 700w, http:\/\/www.portalmantena.com.br\/novo\/wp-content\/uploads\/2018\/07\/no160718pm2-300x193.jpg 300w, http:\/\/www.portalmantena.com.br\/novo\/wp-content\/uploads\/2018\/07\/no160718pm2-696x447.jpg 696w, http:\/\/www.portalmantena.com.br\/novo\/wp-content\/uploads\/2018\/07\/no160718pm2-653x420.jpg 653w\" sizes=\"(max-width: 700px) 100vw, 700px\" \/><\/a> <a href=\"http:\/\/www.portalmantena.com.br\/novo\/wp-content\/uploads\/2018\/07\/no160718pm3.jpg\"><img loading=\"lazy\" class=\"alignnone size-full wp-image-33014\" src=\"http:\/\/www.portalmantena.com.br\/novo\/wp-content\/uploads\/2018\/07\/no160718pm3.jpg\" alt=\"\" width=\"700\" height=\"450\" srcset=\"http:\/\/www.portalmantena.com.br\/novo\/wp-content\/uploads\/2018\/07\/no160718pm3.jpg 700w, http:\/\/www.portalmantena.com.br\/novo\/wp-content\/uploads\/2018\/07\/no160718pm3-300x193.jpg 300w, http:\/\/www.portalmantena.com.br\/novo\/wp-content\/uploads\/2018\/07\/no160718pm3-696x447.jpg 696w, http:\/\/www.portalmantena.com.br\/novo\/wp-content\/uploads\/2018\/07\/no160718pm3-653x420.jpg 653w\" sizes=\"(max-width: 700px) 100vw, 700px\" \/><\/a> <a href=\"http:\/\/www.portalmantena.com.br\/novo\/wp-content\/uploads\/2018\/07\/no160718pm4.jpg\"><img loading=\"lazy\" class=\"alignnone size-full wp-image-33015\" src=\"http:\/\/www.portalmantena.com.br\/novo\/wp-content\/uploads\/2018\/07\/no160718pm4.jpg\" alt=\"\" width=\"700\" height=\"450\" srcset=\"http:\/\/www.portalmantena.com.br\/novo\/wp-content\/uploads\/2018\/07\/no160718pm4.jpg 700w, http:\/\/www.portalmantena.com.br\/novo\/wp-content\/uploads\/2018\/07\/no160718pm4-300x193.jpg 300w, http:\/\/www.portalmantena.com.br\/novo\/wp-content\/uploads\/2018\/07\/no160718pm4-696x447.jpg 696w, http:\/\/www.portalmantena.com.br\/novo\/wp-content\/uploads\/2018\/07\/no160718pm4-653x420.jpg 653w\" sizes=\"(max-width: 700px) 100vw, 700px\" \/><\/a><\/p>\n<p>&nbsp;<\/p>\n<p><span style=\"font-size: 10pt;\">ESPA\u00c7O EMPRESARIAL<\/span><a href=\"https:\/\/www.facebook.com\/profile.php?id=100004934627949&amp;fref=ts\"><img loading=\"lazy\" class=\"alignnone size-full wp-image-29178\" src=\"http:\/\/www.portalmantena.com.br\/novo\/wp-content\/uploads\/2018\/05\/printcolor.jpg\" alt=\"\" width=\"700\" height=\"150\" srcset=\"http:\/\/www.portalmantena.com.br\/novo\/wp-content\/uploads\/2018\/05\/printcolor.jpg 700w, http:\/\/www.portalmantena.com.br\/novo\/wp-content\/uploads\/2018\/05\/printcolor-300x64.jpg 300w, http:\/\/www.portalmantena.com.br\/novo\/wp-content\/uploads\/2018\/05\/printcolor-696x150.jpg 696w\" sizes=\"(max-width: 700px) 100vw, 700px\" \/><\/a><\/p>\n","protected":false},"excerpt":{"rendered":"<p>Na \u00faltima sexta-feira dia 13 de Julho, militares da POP \u2013 Patrulha de Opera\u00e7\u00f5es, de Mantena, comandados pelo 1\u00ba Tenente PM B\u00e9rthalo visualizaram uma motocicleta em atitude suspeita saindo do per\u00edmetro urbano de Mantena, seguindo em dire\u00e7\u00e3o \u00e0 estrada do C\u00f3rrego do Turvo, que d\u00e1 acesso \u00e0 cidade de Manten\u00f3polis\/ES. Ao abordar o ve\u00edculo o [&hellip;]<\/p>\n","protected":false},"author":1,"featured_media":33012,"comment_status":"open","ping_status":"open","sticky":false,"template":"","format":"standard","meta":[],"categories":[11,34],"tags":[],"_links":{"self":[{"href":"http:\/\/www.portalmantena.com.br\/novo\/index.php?rest_route=\/wp\/v2\/posts\/33011"}],"collection":[{"href":"http:\/\/www.portalmantena.com.br\/novo\/index.php?rest_route=\/wp\/v2\/posts"}],"about":[{"href":"http:\/\/www.portalmantena.com.br\/novo\/index.php?rest_route=\/wp\/v2\/types\/post"}],"author":[{"embeddable":true,"href":"http:\/\/www.portalmantena.com.br\/novo\/index.php?rest_route=\/wp\/v2\/users\/1"}],"replies":[{"embeddable":true,"href":"http:\/\/www.portalmantena.com.br\/novo\/index.php?rest_route=%2Fwp%2Fv2%2Fcomments&post=33011"}],"version-history":[{"count":1,"href":"http:\/\/www.portalmantena.com.br\/novo\/index.php?rest_route=\/wp\/v2\/posts\/33011\/revisions"}],"predecessor-version":[{"id":33016,"href":"http:\/\/www.portalmantena.com.br\/novo\/index.php?rest_route=\/wp\/v2\/posts\/33011\/revisions\/33016"}],"wp:featuredmedia":[{"embeddable":true,"href":"http:\/\/www.portalmantena.com.br\/novo\/index.php?rest_route=\/wp\/v2\/media\/33012"}],"wp:attachment":[{"href":"http:\/\/www.portalmantena.com.br\/novo\/index.php?rest_route=%2Fwp%2Fv2%2Fmedia&parent=33011"}],"wp:term":[{"taxonomy":"category","embeddable":true,"href":"http:\/\/www.portalmantena.com.br\/novo\/index.php?rest_route=%2Fwp%2Fv2%2Fcategories&post=33011"},{"taxonomy":"post_tag","embeddable":true,"href":"http:\/\/www.portalmantena.com.br\/novo\/index.php?rest_route=%2Fwp%2Fv2%2Ftags&post=33011"}],"curies":[{"name":"wp","href":"https:\/\/api.w.org\/{rel}","templated":true}]}}