{"id":32985,"date":"2018-07-13T14:16:30","date_gmt":"2018-07-13T17:16:30","guid":{"rendered":"http:\/\/www.portalmantena.com.br\/novo\/?p=32985"},"modified":"2020-06-10T10:17:36","modified_gmt":"2020-06-10T13:17:36","slug":"vereadores-paulinho-e-sgt-ricardo-acompanhando-obras","status":"publish","type":"post","link":"http:\/\/www.portalmantena.com.br\/novo\/?p=32985","title":{"rendered":"Vereadores Paulinho e Sgt.Ricardo acompanhando obras"},"content":{"rendered":"<p><a href=\"http:\/\/www.portalmantena.com.br\/novo\/wp-content\/uploads\/2018\/07\/no130718paulo2.jpg\"><img loading=\"lazy\" class=\"alignnone size-full wp-image-32987\" src=\"http:\/\/www.portalmantena.com.br\/novo\/wp-content\/uploads\/2018\/07\/no130718paulo2.jpg\" alt=\"\" width=\"700\" height=\"450\" srcset=\"http:\/\/www.portalmantena.com.br\/novo\/wp-content\/uploads\/2018\/07\/no130718paulo2.jpg 700w, http:\/\/www.portalmantena.com.br\/novo\/wp-content\/uploads\/2018\/07\/no130718paulo2-300x193.jpg 300w, http:\/\/www.portalmantena.com.br\/novo\/wp-content\/uploads\/2018\/07\/no130718paulo2-696x447.jpg 696w, http:\/\/www.portalmantena.com.br\/novo\/wp-content\/uploads\/2018\/07\/no130718paulo2-653x420.jpg 653w\" sizes=\"(max-width: 700px) 100vw, 700px\" \/><\/a><\/p>\n<p><span style=\"font-size: 14pt;\">Obras acontecendo e os legisladores mantenenses acompanhando de perto os benef\u00edcios que est\u00e3o chegando \u00e0 popula\u00e7\u00e3o ao redor do munic\u00edpio. <\/span><\/p>\n<p><span style=\"font-size: 14pt;\">Os vereadores Paulo Mariano (Paulinho do Loteamento) e o vereador Sargento Ricardo, visitaram esta semana obras que est\u00e3o sendo feitas na estrada que liga a sede Mantena ao povoado do Naz\u00e1rio. Eles estavam acompanhados do prefeito municipal Sr. Jo\u00e3o Rufino.<\/span><\/p>\n<p><span style=\"font-size: 14pt;\">Segundo informa\u00e7\u00f5es, al\u00e9m de aterro, est\u00e3o sendo instaladas manilhas em um trecho da estrada, para o escoamento da \u00e1gua em \u00e9pocas de chuva. <\/span><\/p>\n<p><span style=\"font-size: 14pt;\">Trechos que ficam alagados dificultando a passagem de ve\u00edculos, consequentemente isolando a comunidade que mora nestes locais. Al\u00e9m desta obra, est\u00e1 sendo constru\u00edda uma ponte no C\u00f3rrego Boa Vista, e os trabalhos est\u00e3o sendo acompanhados de perto pelos vereadores. <\/span><\/p>\n<p><span style=\"font-size: 14pt;\">S\u00e3o benef\u00edcios que foram solicitados pela comunidade local e que est\u00e3o sendo executados para em breve representar qualidade de vida para quem reside na zona rural e que depende de um acesso seguro.<\/span><\/p>\n<p><a href=\"http:\/\/www.portalmantena.com.br\/novo\/wp-content\/uploads\/2018\/07\/no130718paulo1.jpg\"><img loading=\"lazy\" class=\"alignnone size-full wp-image-32986\" src=\"http:\/\/www.portalmantena.com.br\/novo\/wp-content\/uploads\/2018\/07\/no130718paulo1.jpg\" alt=\"\" width=\"700\" height=\"450\" srcset=\"http:\/\/www.portalmantena.com.br\/novo\/wp-content\/uploads\/2018\/07\/no130718paulo1.jpg 700w, http:\/\/www.portalmantena.com.br\/novo\/wp-content\/uploads\/2018\/07\/no130718paulo1-300x193.jpg 300w, http:\/\/www.portalmantena.com.br\/novo\/wp-content\/uploads\/2018\/07\/no130718paulo1-696x447.jpg 696w, http:\/\/www.portalmantena.com.br\/novo\/wp-content\/uploads\/2018\/07\/no130718paulo1-653x420.jpg 653w\" sizes=\"(max-width: 700px) 100vw, 700px\" \/><\/a><\/p>\n<p>&nbsp;<\/p>\n<p><span style=\"font-size: 10pt;\">ESPA\u00c7O EMPRESARIAL<\/span><img loading=\"lazy\" class=\"alignnone size-full wp-image-31358\" src=\"http:\/\/www.portalmantena.com.br\/novo\/wp-content\/uploads\/2018\/05\/tekol180618banner.jpg\" alt=\"\" width=\"700\" height=\"150\" srcset=\"http:\/\/www.portalmantena.com.br\/novo\/wp-content\/uploads\/2018\/05\/tekol180618banner.jpg 700w, http:\/\/www.portalmantena.com.br\/novo\/wp-content\/uploads\/2018\/05\/tekol180618banner-300x64.jpg 300w, http:\/\/www.portalmantena.com.br\/novo\/wp-content\/uploads\/2018\/05\/tekol180618banner-696x150.jpg 696w\" sizes=\"(max-width: 700px) 100vw, 700px\" \/><\/p>\n","protected":false},"excerpt":{"rendered":"<p>Obras acontecendo e os legisladores mantenenses acompanhando de perto os benef\u00edcios que est\u00e3o chegando \u00e0 popula\u00e7\u00e3o ao redor do munic\u00edpio. Os vereadores Paulo Mariano (Paulinho do Loteamento) e o vereador Sargento Ricardo, visitaram esta semana obras que est\u00e3o sendo feitas na estrada que liga a sede Mantena ao povoado do Naz\u00e1rio. Eles estavam acompanhados do [&hellip;]<\/p>\n","protected":false},"author":1,"featured_media":32987,"comment_status":"open","ping_status":"open","sticky":false,"template":"","format":"standard","meta":[],"categories":[36,69,82],"tags":[],"_links":{"self":[{"href":"http:\/\/www.portalmantena.com.br\/novo\/index.php?rest_route=\/wp\/v2\/posts\/32985"}],"collection":[{"href":"http:\/\/www.portalmantena.com.br\/novo\/index.php?rest_route=\/wp\/v2\/posts"}],"about":[{"href":"http:\/\/www.portalmantena.com.br\/novo\/index.php?rest_route=\/wp\/v2\/types\/post"}],"author":[{"embeddable":true,"href":"http:\/\/www.portalmantena.com.br\/novo\/index.php?rest_route=\/wp\/v2\/users\/1"}],"replies":[{"embeddable":true,"href":"http:\/\/www.portalmantena.com.br\/novo\/index.php?rest_route=%2Fwp%2Fv2%2Fcomments&post=32985"}],"version-history":[{"count":1,"href":"http:\/\/www.portalmantena.com.br\/novo\/index.php?rest_route=\/wp\/v2\/posts\/32985\/revisions"}],"predecessor-version":[{"id":32988,"href":"http:\/\/www.portalmantena.com.br\/novo\/index.php?rest_route=\/wp\/v2\/posts\/32985\/revisions\/32988"}],"wp:featuredmedia":[{"embeddable":true,"href":"http:\/\/www.portalmantena.com.br\/novo\/index.php?rest_route=\/wp\/v2\/media\/32987"}],"wp:attachment":[{"href":"http:\/\/www.portalmantena.com.br\/novo\/index.php?rest_route=%2Fwp%2Fv2%2Fmedia&parent=32985"}],"wp:term":[{"taxonomy":"category","embeddable":true,"href":"http:\/\/www.portalmantena.com.br\/novo\/index.php?rest_route=%2Fwp%2Fv2%2Fcategories&post=32985"},{"taxonomy":"post_tag","embeddable":true,"href":"http:\/\/www.portalmantena.com.br\/novo\/index.php?rest_route=%2Fwp%2Fv2%2Ftags&post=32985"}],"curies":[{"name":"wp","href":"https:\/\/api.w.org\/{rel}","templated":true}]}}