{"id":32970,"date":"2018-07-14T13:24:55","date_gmt":"2018-07-14T16:24:55","guid":{"rendered":"http:\/\/www.portalmantena.com.br\/novo\/?p=32970"},"modified":"2018-07-13T13:26:39","modified_gmt":"2018-07-13T16:26:39","slug":"amigos-encarando-as-manhas-geladas-com-as-bikes","status":"publish","type":"post","link":"http:\/\/www.portalmantena.com.br\/novo\/?p=32970","title":{"rendered":"Amigos encarando as manh\u00e3s geladas com as Bikes"},"content":{"rendered":"<p><a href=\"http:\/\/www.portalmantena.com.br\/novo\/wp-content\/uploads\/2018\/07\/vi130718bike.jpg\"><img loading=\"lazy\" class=\"alignnone size-full wp-image-32971\" src=\"http:\/\/www.portalmantena.com.br\/novo\/wp-content\/uploads\/2018\/07\/vi130718bike.jpg\" alt=\"\" width=\"700\" height=\"450\" srcset=\"http:\/\/www.portalmantena.com.br\/novo\/wp-content\/uploads\/2018\/07\/vi130718bike.jpg 700w, http:\/\/www.portalmantena.com.br\/novo\/wp-content\/uploads\/2018\/07\/vi130718bike-300x193.jpg 300w, http:\/\/www.portalmantena.com.br\/novo\/wp-content\/uploads\/2018\/07\/vi130718bike-696x447.jpg 696w, http:\/\/www.portalmantena.com.br\/novo\/wp-content\/uploads\/2018\/07\/vi130718bike-653x420.jpg 653w\" sizes=\"(max-width: 700px) 100vw, 700px\" \/><\/a><\/p>\n<p><span style=\"font-size: 14pt;\">Os bikes mantenenses n\u00e3o se importam com a madrugada gelada, eles sempre est\u00e3o na pista praticando o bom ciclismo di\u00e1rio. <\/span><\/p>\n<p><span style=\"font-size: 14pt;\">Os amigos Val\u00e9ria Oliveira, Suely Soares e Douglas Camillo no percurso desta sexta-feira 13 de Julho, encarando a pista e marcando territ\u00f3rio.<\/span><\/p>\n<p>&nbsp;<\/p>\n<p><span style=\"font-size: 10pt;\">ESPA\u00c7O EMPRESARIAL<\/span><a href=\"https:\/\/www.facebook.com\/redevalente\/\"><img loading=\"lazy\" class=\"alignnone size-full wp-image-29377\" src=\"http:\/\/www.portalmantena.com.br\/novo\/wp-content\/uploads\/2018\/05\/valente210518bb.jpg\" alt=\"\" width=\"700\" height=\"150\" srcset=\"http:\/\/www.portalmantena.com.br\/novo\/wp-content\/uploads\/2018\/05\/valente210518bb.jpg 700w, http:\/\/www.portalmantena.com.br\/novo\/wp-content\/uploads\/2018\/05\/valente210518bb-300x64.jpg 300w, http:\/\/www.portalmantena.com.br\/novo\/wp-content\/uploads\/2018\/05\/valente210518bb-696x150.jpg 696w\" sizes=\"(max-width: 700px) 100vw, 700px\" \/><\/a><\/p>\n","protected":false},"excerpt":{"rendered":"<p>Os bikes mantenenses n\u00e3o se importam com a madrugada gelada, eles sempre est\u00e3o na pista praticando o bom ciclismo di\u00e1rio. Os amigos Val\u00e9ria Oliveira, Suely Soares e Douglas Camillo no percurso desta sexta-feira 13 de Julho, encarando a pista e marcando territ\u00f3rio. &nbsp; ESPA\u00c7O EMPRESARIAL<\/p>\n","protected":false},"author":1,"featured_media":32971,"comment_status":"open","ping_status":"open","sticky":false,"template":"","format":"standard","meta":[],"categories":[7],"tags":[],"_links":{"self":[{"href":"http:\/\/www.portalmantena.com.br\/novo\/index.php?rest_route=\/wp\/v2\/posts\/32970"}],"collection":[{"href":"http:\/\/www.portalmantena.com.br\/novo\/index.php?rest_route=\/wp\/v2\/posts"}],"about":[{"href":"http:\/\/www.portalmantena.com.br\/novo\/index.php?rest_route=\/wp\/v2\/types\/post"}],"author":[{"embeddable":true,"href":"http:\/\/www.portalmantena.com.br\/novo\/index.php?rest_route=\/wp\/v2\/users\/1"}],"replies":[{"embeddable":true,"href":"http:\/\/www.portalmantena.com.br\/novo\/index.php?rest_route=%2Fwp%2Fv2%2Fcomments&post=32970"}],"version-history":[{"count":1,"href":"http:\/\/www.portalmantena.com.br\/novo\/index.php?rest_route=\/wp\/v2\/posts\/32970\/revisions"}],"predecessor-version":[{"id":32972,"href":"http:\/\/www.portalmantena.com.br\/novo\/index.php?rest_route=\/wp\/v2\/posts\/32970\/revisions\/32972"}],"wp:featuredmedia":[{"embeddable":true,"href":"http:\/\/www.portalmantena.com.br\/novo\/index.php?rest_route=\/wp\/v2\/media\/32971"}],"wp:attachment":[{"href":"http:\/\/www.portalmantena.com.br\/novo\/index.php?rest_route=%2Fwp%2Fv2%2Fmedia&parent=32970"}],"wp:term":[{"taxonomy":"category","embeddable":true,"href":"http:\/\/www.portalmantena.com.br\/novo\/index.php?rest_route=%2Fwp%2Fv2%2Fcategories&post=32970"},{"taxonomy":"post_tag","embeddable":true,"href":"http:\/\/www.portalmantena.com.br\/novo\/index.php?rest_route=%2Fwp%2Fv2%2Ftags&post=32970"}],"curies":[{"name":"wp","href":"https:\/\/api.w.org\/{rel}","templated":true}]}}