{"id":32965,"date":"2018-07-13T13:46:59","date_gmt":"2018-07-13T16:46:59","guid":{"rendered":"http:\/\/www.portalmantena.com.br\/novo\/?p=32965"},"modified":"2018-07-18T08:48:14","modified_gmt":"2018-07-18T11:48:14","slug":"energia-solar-empresa-mantenense-vem-inovando-no-assunto","status":"publish","type":"post","link":"http:\/\/www.portalmantena.com.br\/novo\/?p=32965","title":{"rendered":"Energia Solar, empresa mantenense vem inovando no assunto"},"content":{"rendered":"<p><a href=\"http:\/\/www.portalmantena.com.br\/novo\/wp-content\/uploads\/2018\/07\/no130718solar1.jpg\"><img loading=\"lazy\" class=\"alignnone size-full wp-image-32974\" src=\"http:\/\/www.portalmantena.com.br\/novo\/wp-content\/uploads\/2018\/07\/no130718solar1.jpg\" alt=\"\" width=\"700\" height=\"450\" srcset=\"http:\/\/www.portalmantena.com.br\/novo\/wp-content\/uploads\/2018\/07\/no130718solar1.jpg 700w, http:\/\/www.portalmantena.com.br\/novo\/wp-content\/uploads\/2018\/07\/no130718solar1-300x193.jpg 300w, http:\/\/www.portalmantena.com.br\/novo\/wp-content\/uploads\/2018\/07\/no130718solar1-696x447.jpg 696w, http:\/\/www.portalmantena.com.br\/novo\/wp-content\/uploads\/2018\/07\/no130718solar1-653x420.jpg 653w\" sizes=\"(max-width: 700px) 100vw, 700px\" \/><\/a><\/p>\n<p><span style=\"font-size: 14pt;\">O cidad\u00e3o mantenense j\u00e1 vem se acostumando a uma realidade que vem tamb\u00e9m mudando a paisagem da cidade com as placas coletoras de energia solar em muitas empresas e resid\u00eancias. <\/span><\/p>\n<p><span style=\"font-size: 14pt;\">Este crescimento se deve ao aproveitamento de uma energia limpa, que n\u00e3o polui o meio ambiente e que com o tempo se torna barata pois o investimento feito ser\u00e1 quitado ao longo do tempo com as contas altas de energia deixando de ser emitidas. <\/span><\/p>\n<p><span style=\"font-size: 14pt;\">Em Mantena a empresa Tempo SOLAR vem atuando no mercado j\u00e1 com muitos clientes e amigos satisfeitos com o investimento, que \u00e9 feito para caber no bolso de cada cliente, para tanto vale a pena realizar um or\u00e7amento. <\/span><\/p>\n<p><span style=\"font-size: 14pt;\">Na foto, mais uma cliente Tempo Solar, uma moradora do bairro Vila Nova, satisfeita com o investimento feito, e ao lado dela o mantenense\u00a0<a href=\"https:\/\/www.facebook.com\/emerson.alves.1042\">Emerson Alves<\/a>, que \u00e9 a pessoa certa para quem desejar fazer um or\u00e7amento e obter informa\u00e7\u00f5es sobre este benef\u00edcio que vem agradando, e muito.\u00a0<\/span><\/p>\n<p><span style=\"font-size: 14pt;\">O sol \u00e9 uma fonte de energia limpa e renov\u00e1vel, ou seja: a gera\u00e7\u00e3o de energia solar n\u00e3o est\u00e1 associada \u00e0 emiss\u00e3o de poluentes. <\/span><\/p>\n<p><span style=\"font-size: 14pt;\">Os sistemas fotovoltaicos integradas \u00e0s edifica\u00e7\u00f5es urbanas e conectadas \u00e0 rede oferecem diversas vantagens para o sistema el\u00e9trico de um pa\u00eds, muitas delas relacionadas \u00e0 redu\u00e7\u00e3o de custos e que ainda n\u00e3o s\u00e3o consideradas ou quantificadas. <\/span><\/p>\n<p><span style=\"font-size: 14pt;\">\u00c9 bom lembrar que o consumo registrado em um determinado im\u00f3vel que recebeu as placas de energia solar, pode ser transferido para outros im\u00f3veis ou at\u00e9 mesmo devolvido \u00e0 rede de distribui\u00e7\u00e3o, que acaba retornando ao cliente em forma de cr\u00e9ditos. Fa\u00e7a uma consulta e se aprofunde no assunto.<\/span><\/p>\n<p><a href=\"http:\/\/www.portalmantena.com.br\/novo\/wp-content\/uploads\/2018\/07\/no130718solar2.jpg\"><img loading=\"lazy\" class=\"alignnone size-full wp-image-32975\" src=\"http:\/\/www.portalmantena.com.br\/novo\/wp-content\/uploads\/2018\/07\/no130718solar2.jpg\" alt=\"\" width=\"700\" height=\"450\" srcset=\"http:\/\/www.portalmantena.com.br\/novo\/wp-content\/uploads\/2018\/07\/no130718solar2.jpg 700w, http:\/\/www.portalmantena.com.br\/novo\/wp-content\/uploads\/2018\/07\/no130718solar2-300x193.jpg 300w, http:\/\/www.portalmantena.com.br\/novo\/wp-content\/uploads\/2018\/07\/no130718solar2-696x447.jpg 696w, http:\/\/www.portalmantena.com.br\/novo\/wp-content\/uploads\/2018\/07\/no130718solar2-653x420.jpg 653w\" sizes=\"(max-width: 700px) 100vw, 700px\" \/><\/a><\/p>\n<p>&nbsp;<\/p>\n<p><span style=\"font-size: 10pt;\">ESPA\u00c7O EMPRESARIAL<\/span><a href=\"http:\/\/www.molvw.com.br\/\"><img loading=\"lazy\" class=\"alignnone size-full wp-image-29504\" src=\"http:\/\/www.portalmantena.com.br\/novo\/wp-content\/uploads\/2018\/05\/molvolkswagen.jpg\" alt=\"\" width=\"700\" height=\"150\" srcset=\"http:\/\/www.portalmantena.com.br\/novo\/wp-content\/uploads\/2018\/05\/molvolkswagen.jpg 700w, http:\/\/www.portalmantena.com.br\/novo\/wp-content\/uploads\/2018\/05\/molvolkswagen-300x64.jpg 300w, http:\/\/www.portalmantena.com.br\/novo\/wp-content\/uploads\/2018\/05\/molvolkswagen-696x150.jpg 696w\" sizes=\"(max-width: 700px) 100vw, 700px\" \/><\/a><\/p>\n","protected":false},"excerpt":{"rendered":"<p>O cidad\u00e3o mantenense j\u00e1 vem se acostumando a uma realidade que vem tamb\u00e9m mudando a paisagem da cidade com as placas coletoras de energia solar em muitas empresas e resid\u00eancias. Este crescimento se deve ao aproveitamento de uma energia limpa, que n\u00e3o polui o meio ambiente e que com o tempo se torna barata pois [&hellip;]<\/p>\n","protected":false},"author":1,"featured_media":32974,"comment_status":"open","ping_status":"open","sticky":false,"template":"","format":"standard","meta":[],"categories":[36,69,11],"tags":[],"_links":{"self":[{"href":"http:\/\/www.portalmantena.com.br\/novo\/index.php?rest_route=\/wp\/v2\/posts\/32965"}],"collection":[{"href":"http:\/\/www.portalmantena.com.br\/novo\/index.php?rest_route=\/wp\/v2\/posts"}],"about":[{"href":"http:\/\/www.portalmantena.com.br\/novo\/index.php?rest_route=\/wp\/v2\/types\/post"}],"author":[{"embeddable":true,"href":"http:\/\/www.portalmantena.com.br\/novo\/index.php?rest_route=\/wp\/v2\/users\/1"}],"replies":[{"embeddable":true,"href":"http:\/\/www.portalmantena.com.br\/novo\/index.php?rest_route=%2Fwp%2Fv2%2Fcomments&post=32965"}],"version-history":[{"count":3,"href":"http:\/\/www.portalmantena.com.br\/novo\/index.php?rest_route=\/wp\/v2\/posts\/32965\/revisions"}],"predecessor-version":[{"id":32978,"href":"http:\/\/www.portalmantena.com.br\/novo\/index.php?rest_route=\/wp\/v2\/posts\/32965\/revisions\/32978"}],"wp:featuredmedia":[{"embeddable":true,"href":"http:\/\/www.portalmantena.com.br\/novo\/index.php?rest_route=\/wp\/v2\/media\/32974"}],"wp:attachment":[{"href":"http:\/\/www.portalmantena.com.br\/novo\/index.php?rest_route=%2Fwp%2Fv2%2Fmedia&parent=32965"}],"wp:term":[{"taxonomy":"category","embeddable":true,"href":"http:\/\/www.portalmantena.com.br\/novo\/index.php?rest_route=%2Fwp%2Fv2%2Fcategories&post=32965"},{"taxonomy":"post_tag","embeddable":true,"href":"http:\/\/www.portalmantena.com.br\/novo\/index.php?rest_route=%2Fwp%2Fv2%2Ftags&post=32965"}],"curies":[{"name":"wp","href":"https:\/\/api.w.org\/{rel}","templated":true}]}}