{"id":32960,"date":"2018-07-13T12:32:22","date_gmt":"2018-07-13T15:32:22","guid":{"rendered":"http:\/\/www.portalmantena.com.br\/novo\/?p=32960"},"modified":"2018-07-13T11:08:59","modified_gmt":"2018-07-13T14:08:59","slug":"13jul-manha-de-sexta-feira-completamente-nublada-na-cidade","status":"publish","type":"post","link":"http:\/\/www.portalmantena.com.br\/novo\/?p=32960","title":{"rendered":"13JUL &#8211; Manh\u00e3 de sexta-feira completamente nublada na cidade"},"content":{"rendered":"<p><strong><a href=\"http:\/\/www.portalmantena.com.br\/novo\/wp-content\/uploads\/2017\/06\/diabaner-1.jpg\"><img loading=\"lazy\" class=\"alignnone size-full wp-image-8000\" src=\"http:\/\/www.portalmantena.com.br\/novo\/wp-content\/uploads\/2017\/06\/diabaner-1.jpg\" alt=\"\" width=\"650\" height=\"100\" srcset=\"http:\/\/www.portalmantena.com.br\/novo\/wp-content\/uploads\/2017\/06\/diabaner-1.jpg 650w, http:\/\/www.portalmantena.com.br\/novo\/wp-content\/uploads\/2017\/06\/diabaner-1-300x46.jpg 300w\" sizes=\"(max-width: 650px) 100vw, 650px\" \/><\/a><\/strong><a href=\"http:\/\/www.portalmantena.com.br\/novo\/wp-content\/uploads\/2018\/07\/dia130718b.jpg\"><img loading=\"lazy\" class=\"alignnone size-full wp-image-32963\" src=\"http:\/\/www.portalmantena.com.br\/novo\/wp-content\/uploads\/2018\/07\/dia130718b.jpg\" alt=\"\" width=\"700\" height=\"450\" srcset=\"http:\/\/www.portalmantena.com.br\/novo\/wp-content\/uploads\/2018\/07\/dia130718b.jpg 700w, http:\/\/www.portalmantena.com.br\/novo\/wp-content\/uploads\/2018\/07\/dia130718b-300x193.jpg 300w, http:\/\/www.portalmantena.com.br\/novo\/wp-content\/uploads\/2018\/07\/dia130718b-696x447.jpg 696w, http:\/\/www.portalmantena.com.br\/novo\/wp-content\/uploads\/2018\/07\/dia130718b-653x420.jpg 653w\" sizes=\"(max-width: 700px) 100vw, 700px\" \/><\/a><\/p>\n<p><strong>13 de Julho<\/strong>\u00a0&#8211;\u00a0O mantenense j\u00e1 est\u00e1 sentindo a queda na temperatura nas manh\u00e3s deste in\u00edcio do m\u00eas de Julho, at\u00e9 mais forte do que aconteceu no m\u00eas anterior.<\/p>\n<p>A m\u00e9dia m\u00ednima dos term\u00f4metros tem chegado \u00e0 casa dos 15 graus nas madrugadas chegando a se manter nos 23 graus nas primeiras horas do dia.<\/p>\n<p>Nesta sexta-feira, al\u00e9m da queda nos term\u00f4metros o c\u00e9u amanheceu completamente nublado como se fosse cair uma chuva sobre a cidade, no entanto at\u00e9 por volta do meio dia o clima se manteve seco.<\/p>\n<p>&nbsp;<\/p>\n<p><span style=\"font-size: 10pt;\">ESPA\u00c7O EMPRESARIAL<\/span><a href=\"https:\/\/www.facebook.com\/profile.php?id=100004934627949&amp;fref=ts\"><img loading=\"lazy\" class=\"alignnone size-full wp-image-29178\" src=\"http:\/\/www.portalmantena.com.br\/novo\/wp-content\/uploads\/2018\/05\/printcolor.jpg\" alt=\"\" width=\"700\" height=\"150\" srcset=\"http:\/\/www.portalmantena.com.br\/novo\/wp-content\/uploads\/2018\/05\/printcolor.jpg 700w, http:\/\/www.portalmantena.com.br\/novo\/wp-content\/uploads\/2018\/05\/printcolor-300x64.jpg 300w, http:\/\/www.portalmantena.com.br\/novo\/wp-content\/uploads\/2018\/05\/printcolor-696x150.jpg 696w\" sizes=\"(max-width: 700px) 100vw, 700px\" \/><\/a><\/p>\n","protected":false},"excerpt":{"rendered":"<p>13 de Julho\u00a0&#8211;\u00a0O mantenense j\u00e1 est\u00e1 sentindo a queda na temperatura nas manh\u00e3s deste in\u00edcio do m\u00eas de Julho, at\u00e9 mais forte do que aconteceu no m\u00eas anterior. A m\u00e9dia m\u00ednima dos term\u00f4metros tem chegado \u00e0 casa dos 15 graus nas madrugadas chegando a se manter nos 23 graus nas primeiras horas do dia. Nesta [&hellip;]<\/p>\n","protected":false},"author":1,"featured_media":32963,"comment_status":"open","ping_status":"open","sticky":false,"template":"","format":"standard","meta":[],"categories":[50],"tags":[],"_links":{"self":[{"href":"http:\/\/www.portalmantena.com.br\/novo\/index.php?rest_route=\/wp\/v2\/posts\/32960"}],"collection":[{"href":"http:\/\/www.portalmantena.com.br\/novo\/index.php?rest_route=\/wp\/v2\/posts"}],"about":[{"href":"http:\/\/www.portalmantena.com.br\/novo\/index.php?rest_route=\/wp\/v2\/types\/post"}],"author":[{"embeddable":true,"href":"http:\/\/www.portalmantena.com.br\/novo\/index.php?rest_route=\/wp\/v2\/users\/1"}],"replies":[{"embeddable":true,"href":"http:\/\/www.portalmantena.com.br\/novo\/index.php?rest_route=%2Fwp%2Fv2%2Fcomments&post=32960"}],"version-history":[{"count":1,"href":"http:\/\/www.portalmantena.com.br\/novo\/index.php?rest_route=\/wp\/v2\/posts\/32960\/revisions"}],"predecessor-version":[{"id":32964,"href":"http:\/\/www.portalmantena.com.br\/novo\/index.php?rest_route=\/wp\/v2\/posts\/32960\/revisions\/32964"}],"wp:featuredmedia":[{"embeddable":true,"href":"http:\/\/www.portalmantena.com.br\/novo\/index.php?rest_route=\/wp\/v2\/media\/32963"}],"wp:attachment":[{"href":"http:\/\/www.portalmantena.com.br\/novo\/index.php?rest_route=%2Fwp%2Fv2%2Fmedia&parent=32960"}],"wp:term":[{"taxonomy":"category","embeddable":true,"href":"http:\/\/www.portalmantena.com.br\/novo\/index.php?rest_route=%2Fwp%2Fv2%2Fcategories&post=32960"},{"taxonomy":"post_tag","embeddable":true,"href":"http:\/\/www.portalmantena.com.br\/novo\/index.php?rest_route=%2Fwp%2Fv2%2Ftags&post=32960"}],"curies":[{"name":"wp","href":"https:\/\/api.w.org\/{rel}","templated":true}]}}