{"id":32932,"date":"2018-07-13T18:27:59","date_gmt":"2018-07-13T21:27:59","guid":{"rendered":"http:\/\/www.portalmantena.com.br\/novo\/?p=32932"},"modified":"2018-07-13T08:49:09","modified_gmt":"2018-07-13T11:49:09","slug":"sub-tenente-wender-acompanhando-de-perto-o-proerd","status":"publish","type":"post","link":"http:\/\/www.portalmantena.com.br\/novo\/?p=32932","title":{"rendered":"Sub tenente Wender acompanhando de perto o PROERD"},"content":{"rendered":"<p><a href=\"http:\/\/www.portalmantena.com.br\/novo\/wp-content\/uploads\/2018\/07\/vi120718proerd1.jpg\"><img loading=\"lazy\" class=\"alignnone size-full wp-image-32933\" src=\"http:\/\/www.portalmantena.com.br\/novo\/wp-content\/uploads\/2018\/07\/vi120718proerd1.jpg\" alt=\"\" width=\"700\" height=\"450\" srcset=\"http:\/\/www.portalmantena.com.br\/novo\/wp-content\/uploads\/2018\/07\/vi120718proerd1.jpg 700w, http:\/\/www.portalmantena.com.br\/novo\/wp-content\/uploads\/2018\/07\/vi120718proerd1-300x193.jpg 300w, http:\/\/www.portalmantena.com.br\/novo\/wp-content\/uploads\/2018\/07\/vi120718proerd1-696x447.jpg 696w, http:\/\/www.portalmantena.com.br\/novo\/wp-content\/uploads\/2018\/07\/vi120718proerd1-653x420.jpg 653w\" sizes=\"(max-width: 700px) 100vw, 700px\" \/><\/a><\/p>\n<p><span style=\"font-size: 14pt;\">O nosso amigo, o sub tenente Wender, instrutor do PROERD em Mantena, orgulhoso pelo sucesso deste projeto de Educa\u00e7\u00e3o contra as Drogas, na foto ele acompanhando um dia de atividades na Escola Municipal Ant\u00f4nio Carlos em Mantena, na ocasi\u00e3o onde estava acontecendo uma reda\u00e7\u00e3o sobre o PROERD. <\/span><\/p>\n<p><span style=\"font-size: 14pt;\">Parab\u00e9ns amigo pelo sucesso deste projeto em Mantena e regi\u00e3o.<\/span><\/p>\n<p>&nbsp;<\/p>\n<p><span style=\"font-size: 10pt;\">ESPA\u00c7O EMPRESARIAL<\/span><img loading=\"lazy\" class=\"alignnone size-full wp-image-30339\" src=\"http:\/\/www.portalmantena.com.br\/novo\/wp-content\/uploads\/2018\/05\/casadastintas.jpg\" alt=\"\" width=\"700\" height=\"150\" srcset=\"http:\/\/www.portalmantena.com.br\/novo\/wp-content\/uploads\/2018\/05\/casadastintas.jpg 700w, http:\/\/www.portalmantena.com.br\/novo\/wp-content\/uploads\/2018\/05\/casadastintas-300x64.jpg 300w, http:\/\/www.portalmantena.com.br\/novo\/wp-content\/uploads\/2018\/05\/casadastintas-696x150.jpg 696w\" sizes=\"(max-width: 700px) 100vw, 700px\" \/><\/p>\n","protected":false},"excerpt":{"rendered":"<p>O nosso amigo, o sub tenente Wender, instrutor do PROERD em Mantena, orgulhoso pelo sucesso deste projeto de Educa\u00e7\u00e3o contra as Drogas, na foto ele acompanhando um dia de atividades na Escola Municipal Ant\u00f4nio Carlos em Mantena, na ocasi\u00e3o onde estava acontecendo uma reda\u00e7\u00e3o sobre o PROERD. Parab\u00e9ns amigo pelo sucesso deste projeto em Mantena [&hellip;]<\/p>\n","protected":false},"author":1,"featured_media":32933,"comment_status":"open","ping_status":"open","sticky":false,"template":"","format":"standard","meta":[],"categories":[7],"tags":[],"_links":{"self":[{"href":"http:\/\/www.portalmantena.com.br\/novo\/index.php?rest_route=\/wp\/v2\/posts\/32932"}],"collection":[{"href":"http:\/\/www.portalmantena.com.br\/novo\/index.php?rest_route=\/wp\/v2\/posts"}],"about":[{"href":"http:\/\/www.portalmantena.com.br\/novo\/index.php?rest_route=\/wp\/v2\/types\/post"}],"author":[{"embeddable":true,"href":"http:\/\/www.portalmantena.com.br\/novo\/index.php?rest_route=\/wp\/v2\/users\/1"}],"replies":[{"embeddable":true,"href":"http:\/\/www.portalmantena.com.br\/novo\/index.php?rest_route=%2Fwp%2Fv2%2Fcomments&post=32932"}],"version-history":[{"count":1,"href":"http:\/\/www.portalmantena.com.br\/novo\/index.php?rest_route=\/wp\/v2\/posts\/32932\/revisions"}],"predecessor-version":[{"id":32934,"href":"http:\/\/www.portalmantena.com.br\/novo\/index.php?rest_route=\/wp\/v2\/posts\/32932\/revisions\/32934"}],"wp:featuredmedia":[{"embeddable":true,"href":"http:\/\/www.portalmantena.com.br\/novo\/index.php?rest_route=\/wp\/v2\/media\/32933"}],"wp:attachment":[{"href":"http:\/\/www.portalmantena.com.br\/novo\/index.php?rest_route=%2Fwp%2Fv2%2Fmedia&parent=32932"}],"wp:term":[{"taxonomy":"category","embeddable":true,"href":"http:\/\/www.portalmantena.com.br\/novo\/index.php?rest_route=%2Fwp%2Fv2%2Fcategories&post=32932"},{"taxonomy":"post_tag","embeddable":true,"href":"http:\/\/www.portalmantena.com.br\/novo\/index.php?rest_route=%2Fwp%2Fv2%2Ftags&post=32932"}],"curies":[{"name":"wp","href":"https:\/\/api.w.org\/{rel}","templated":true}]}}