{"id":32910,"date":"2018-07-12T14:37:44","date_gmt":"2018-07-12T17:37:44","guid":{"rendered":"http:\/\/www.portalmantena.com.br\/novo\/?p=32910"},"modified":"2018-07-12T14:37:44","modified_gmt":"2018-07-12T17:37:44","slug":"deermg-realiza-operacao-tapa-buracos-em-vias-de-mantena","status":"publish","type":"post","link":"http:\/\/www.portalmantena.com.br\/novo\/?p=32910","title":{"rendered":"DEER\/MG realiza opera\u00e7\u00e3o tapa buracos em vias de Mantena"},"content":{"rendered":"<p><a href=\"http:\/\/www.portalmantena.com.br\/novo\/wp-content\/uploads\/2018\/07\/no120718rua4.jpg\"><img loading=\"lazy\" class=\"alignnone size-full wp-image-32915\" src=\"http:\/\/www.portalmantena.com.br\/novo\/wp-content\/uploads\/2018\/07\/no120718rua4.jpg\" alt=\"\" width=\"700\" height=\"450\" srcset=\"http:\/\/www.portalmantena.com.br\/novo\/wp-content\/uploads\/2018\/07\/no120718rua4.jpg 700w, http:\/\/www.portalmantena.com.br\/novo\/wp-content\/uploads\/2018\/07\/no120718rua4-300x193.jpg 300w, http:\/\/www.portalmantena.com.br\/novo\/wp-content\/uploads\/2018\/07\/no120718rua4-696x447.jpg 696w, http:\/\/www.portalmantena.com.br\/novo\/wp-content\/uploads\/2018\/07\/no120718rua4-653x420.jpg 653w\" sizes=\"(max-width: 700px) 100vw, 700px\" \/><\/a><\/p>\n<p><span style=\"font-size: 14pt;\">Na \u00faltima semana, um trecho urbano da rodovia MGC 381 que corta Mantena, passou a receber uma opera\u00e7\u00e3o tapa buracos, realizada pelo DEER\/MG. <\/span><\/p>\n<p><span style=\"font-size: 14pt;\">Segundo informa\u00e7\u00f5es, estes reparos haviam sido solicitados h\u00e1 meses junto ao \u00f3rg\u00e3o estadual a pedido da atual administra\u00e7\u00e3o municipal em Mantena, visando uma solu\u00e7\u00e3o para os muitos buracos que tomavam conta de boa parte da via, principalmente no bairro Vila Nova. <\/span><\/p>\n<p><span style=\"font-size: 14pt;\">Oper\u00e1rios do DEER iniciaram ent\u00e3o uma manuten\u00e7\u00e3o pelo final da avenida Frei Gaspar, seguindo por outros trechos, que deve compreender at\u00e9 a avenida Frei Inoc\u00eancio, pr\u00f3ximo ao Posto Cidade. <\/span><\/p>\n<p><span style=\"font-size: 14pt;\">Os reparos s\u00e3o paliativos, uma vez que s\u00f3 mesmo com um recapeamento completo faria diferen\u00e7a na conserva\u00e7\u00e3o da pista, no entanto esta opera\u00e7\u00e3o tapa buracos j\u00e1 ameniza o problema que vinha realmente causando transtornos e na emin\u00eancia de provocar acidentes no tr\u00e2nsito de ve\u00edculos.<\/span><\/p>\n<p><a href=\"http:\/\/www.portalmantena.com.br\/novo\/wp-content\/uploads\/2018\/07\/no120718rua1.jpg\"><img loading=\"lazy\" class=\"alignnone size-full wp-image-32912\" src=\"http:\/\/www.portalmantena.com.br\/novo\/wp-content\/uploads\/2018\/07\/no120718rua1.jpg\" alt=\"\" width=\"700\" height=\"450\" srcset=\"http:\/\/www.portalmantena.com.br\/novo\/wp-content\/uploads\/2018\/07\/no120718rua1.jpg 700w, http:\/\/www.portalmantena.com.br\/novo\/wp-content\/uploads\/2018\/07\/no120718rua1-300x193.jpg 300w, http:\/\/www.portalmantena.com.br\/novo\/wp-content\/uploads\/2018\/07\/no120718rua1-696x447.jpg 696w, http:\/\/www.portalmantena.com.br\/novo\/wp-content\/uploads\/2018\/07\/no120718rua1-653x420.jpg 653w\" sizes=\"(max-width: 700px) 100vw, 700px\" \/><\/a><a href=\"http:\/\/www.portalmantena.com.br\/novo\/wp-content\/uploads\/2018\/07\/no120718rua2.jpg\"><img loading=\"lazy\" class=\"alignnone size-full wp-image-32913\" src=\"http:\/\/www.portalmantena.com.br\/novo\/wp-content\/uploads\/2018\/07\/no120718rua2.jpg\" alt=\"\" width=\"700\" height=\"450\" srcset=\"http:\/\/www.portalmantena.com.br\/novo\/wp-content\/uploads\/2018\/07\/no120718rua2.jpg 700w, http:\/\/www.portalmantena.com.br\/novo\/wp-content\/uploads\/2018\/07\/no120718rua2-300x193.jpg 300w, http:\/\/www.portalmantena.com.br\/novo\/wp-content\/uploads\/2018\/07\/no120718rua2-696x447.jpg 696w, http:\/\/www.portalmantena.com.br\/novo\/wp-content\/uploads\/2018\/07\/no120718rua2-653x420.jpg 653w\" sizes=\"(max-width: 700px) 100vw, 700px\" \/><\/a> <a href=\"http:\/\/www.portalmantena.com.br\/novo\/wp-content\/uploads\/2018\/07\/no120718rua3.jpg\"><img loading=\"lazy\" class=\"alignnone size-full wp-image-32914\" src=\"http:\/\/www.portalmantena.com.br\/novo\/wp-content\/uploads\/2018\/07\/no120718rua3.jpg\" alt=\"\" width=\"700\" height=\"450\" srcset=\"http:\/\/www.portalmantena.com.br\/novo\/wp-content\/uploads\/2018\/07\/no120718rua3.jpg 700w, http:\/\/www.portalmantena.com.br\/novo\/wp-content\/uploads\/2018\/07\/no120718rua3-300x193.jpg 300w, http:\/\/www.portalmantena.com.br\/novo\/wp-content\/uploads\/2018\/07\/no120718rua3-696x447.jpg 696w, http:\/\/www.portalmantena.com.br\/novo\/wp-content\/uploads\/2018\/07\/no120718rua3-653x420.jpg 653w\" sizes=\"(max-width: 700px) 100vw, 700px\" \/><\/a><a href=\"http:\/\/www.portalmantena.com.br\/novo\/wp-content\/uploads\/2018\/07\/no120718rua5.jpg\"><img loading=\"lazy\" class=\"alignnone size-full wp-image-32916\" src=\"http:\/\/www.portalmantena.com.br\/novo\/wp-content\/uploads\/2018\/07\/no120718rua5.jpg\" alt=\"\" width=\"700\" height=\"450\" srcset=\"http:\/\/www.portalmantena.com.br\/novo\/wp-content\/uploads\/2018\/07\/no120718rua5.jpg 700w, http:\/\/www.portalmantena.com.br\/novo\/wp-content\/uploads\/2018\/07\/no120718rua5-300x193.jpg 300w, http:\/\/www.portalmantena.com.br\/novo\/wp-content\/uploads\/2018\/07\/no120718rua5-696x447.jpg 696w, http:\/\/www.portalmantena.com.br\/novo\/wp-content\/uploads\/2018\/07\/no120718rua5-653x420.jpg 653w\" sizes=\"(max-width: 700px) 100vw, 700px\" \/><\/a><\/p>\n<p>&nbsp;<\/p>\n<p><span style=\"font-size: 10pt;\">ESPA\u00c7O EMPRESARIAL<\/span><img loading=\"lazy\" class=\"alignnone size-full wp-image-31358\" src=\"http:\/\/www.portalmantena.com.br\/novo\/wp-content\/uploads\/2018\/05\/tekol180618banner.jpg\" alt=\"\" width=\"700\" height=\"150\" srcset=\"http:\/\/www.portalmantena.com.br\/novo\/wp-content\/uploads\/2018\/05\/tekol180618banner.jpg 700w, http:\/\/www.portalmantena.com.br\/novo\/wp-content\/uploads\/2018\/05\/tekol180618banner-300x64.jpg 300w, http:\/\/www.portalmantena.com.br\/novo\/wp-content\/uploads\/2018\/05\/tekol180618banner-696x150.jpg 696w\" sizes=\"(max-width: 700px) 100vw, 700px\" \/><\/p>\n","protected":false},"excerpt":{"rendered":"<p>Na \u00faltima semana, um trecho urbano da rodovia MGC 381 que corta Mantena, passou a receber uma opera\u00e7\u00e3o tapa buracos, realizada pelo DEER\/MG. Segundo informa\u00e7\u00f5es, estes reparos haviam sido solicitados h\u00e1 meses junto ao \u00f3rg\u00e3o estadual a pedido da atual administra\u00e7\u00e3o municipal em Mantena, visando uma solu\u00e7\u00e3o para os muitos buracos que tomavam conta de [&hellip;]<\/p>\n","protected":false},"author":1,"featured_media":32915,"comment_status":"open","ping_status":"open","sticky":false,"template":"","format":"standard","meta":[],"categories":[36,12],"tags":[],"_links":{"self":[{"href":"http:\/\/www.portalmantena.com.br\/novo\/index.php?rest_route=\/wp\/v2\/posts\/32910"}],"collection":[{"href":"http:\/\/www.portalmantena.com.br\/novo\/index.php?rest_route=\/wp\/v2\/posts"}],"about":[{"href":"http:\/\/www.portalmantena.com.br\/novo\/index.php?rest_route=\/wp\/v2\/types\/post"}],"author":[{"embeddable":true,"href":"http:\/\/www.portalmantena.com.br\/novo\/index.php?rest_route=\/wp\/v2\/users\/1"}],"replies":[{"embeddable":true,"href":"http:\/\/www.portalmantena.com.br\/novo\/index.php?rest_route=%2Fwp%2Fv2%2Fcomments&post=32910"}],"version-history":[{"count":1,"href":"http:\/\/www.portalmantena.com.br\/novo\/index.php?rest_route=\/wp\/v2\/posts\/32910\/revisions"}],"predecessor-version":[{"id":32918,"href":"http:\/\/www.portalmantena.com.br\/novo\/index.php?rest_route=\/wp\/v2\/posts\/32910\/revisions\/32918"}],"wp:featuredmedia":[{"embeddable":true,"href":"http:\/\/www.portalmantena.com.br\/novo\/index.php?rest_route=\/wp\/v2\/media\/32915"}],"wp:attachment":[{"href":"http:\/\/www.portalmantena.com.br\/novo\/index.php?rest_route=%2Fwp%2Fv2%2Fmedia&parent=32910"}],"wp:term":[{"taxonomy":"category","embeddable":true,"href":"http:\/\/www.portalmantena.com.br\/novo\/index.php?rest_route=%2Fwp%2Fv2%2Fcategories&post=32910"},{"taxonomy":"post_tag","embeddable":true,"href":"http:\/\/www.portalmantena.com.br\/novo\/index.php?rest_route=%2Fwp%2Fv2%2Ftags&post=32910"}],"curies":[{"name":"wp","href":"https:\/\/api.w.org\/{rel}","templated":true}]}}