{"id":32889,"date":"2018-07-12T10:41:12","date_gmt":"2018-07-12T13:41:12","guid":{"rendered":"http:\/\/www.portalmantena.com.br\/novo\/?p=32889"},"modified":"2018-07-12T10:42:37","modified_gmt":"2018-07-12T13:42:37","slug":"empresarios-mantenenses-prestigiando-a-feira-livre","status":"publish","type":"post","link":"http:\/\/www.portalmantena.com.br\/novo\/?p=32889","title":{"rendered":"Empres\u00e1rios mantenenses prestigiando a Feira Livre"},"content":{"rendered":"<p><a href=\"http:\/\/www.portalmantena.com.br\/novo\/wp-content\/uploads\/2018\/07\/vi120718paulo.jpg\"><img loading=\"lazy\" class=\"alignnone size-full wp-image-32886\" src=\"http:\/\/www.portalmantena.com.br\/novo\/wp-content\/uploads\/2018\/07\/vi120718paulo.jpg\" alt=\"\" width=\"700\" height=\"450\" srcset=\"http:\/\/www.portalmantena.com.br\/novo\/wp-content\/uploads\/2018\/07\/vi120718paulo.jpg 700w, http:\/\/www.portalmantena.com.br\/novo\/wp-content\/uploads\/2018\/07\/vi120718paulo-300x193.jpg 300w, http:\/\/www.portalmantena.com.br\/novo\/wp-content\/uploads\/2018\/07\/vi120718paulo-696x447.jpg 696w, http:\/\/www.portalmantena.com.br\/novo\/wp-content\/uploads\/2018\/07\/vi120718paulo-653x420.jpg 653w\" sizes=\"(max-width: 700px) 100vw, 700px\" \/><\/a><\/p>\n<p><span style=\"font-size: 14pt;\">Prestigiar a Feira Livre em Mantena \u00e9 um roteiro obrigat\u00f3rio nos finais de semana em Mantena. Estes amigos, os empres\u00e1rios Paulo Ab\u00edlio e Henrique B\u00e1rbara est\u00e3o sempre presentes nesta feira que acontece nas manh\u00e3s de s\u00e1bado em Mantena. <\/span><\/p>\n<p><span style=\"font-size: 14pt;\">Paulo Ab\u00edlio, al\u00e9m de produtor rural \u00e9 um frequentador ass\u00edduo enquanto que Henrique B\u00e1rbara \u00e9 muito conhecido pela \u00e1gua de coco que vende aos mantenenses, contribuindo assim na integra\u00e7\u00e3o do homem do campo e seus produtos e a comunidade. <\/span><\/p>\n<p><span style=\"font-size: 14pt;\">Pessoas respons\u00e1veis e trabalhadoras que com certeza contribuem para o desenvolvimento local.\u00a0<\/span><\/p>\n<p>&nbsp;<\/p>\n<p><span style=\"font-size: 10pt;\">ESPA\u00c7O EMPRESARIAL<\/span><a href=\"http:\/\/www.portalmantena.com.br\/novo\/?p=16284\"><img loading=\"lazy\" class=\"alignnone size-full wp-image-29167\" src=\"http:\/\/www.portalmantena.com.br\/novo\/wp-content\/uploads\/2018\/05\/honcafaixa.jpg\" alt=\"\" width=\"700\" height=\"150\" srcset=\"http:\/\/www.portalmantena.com.br\/novo\/wp-content\/uploads\/2018\/05\/honcafaixa.jpg 700w, http:\/\/www.portalmantena.com.br\/novo\/wp-content\/uploads\/2018\/05\/honcafaixa-300x64.jpg 300w, http:\/\/www.portalmantena.com.br\/novo\/wp-content\/uploads\/2018\/05\/honcafaixa-696x150.jpg 696w\" sizes=\"(max-width: 700px) 100vw, 700px\" \/><\/a><\/p>\n","protected":false},"excerpt":{"rendered":"<p>Prestigiar a Feira Livre em Mantena \u00e9 um roteiro obrigat\u00f3rio nos finais de semana em Mantena. Estes amigos, os empres\u00e1rios Paulo Ab\u00edlio e Henrique B\u00e1rbara est\u00e3o sempre presentes nesta feira que acontece nas manh\u00e3s de s\u00e1bado em Mantena. Paulo Ab\u00edlio, al\u00e9m de produtor rural \u00e9 um frequentador ass\u00edduo enquanto que Henrique B\u00e1rbara \u00e9 muito conhecido [&hellip;]<\/p>\n","protected":false},"author":1,"featured_media":32886,"comment_status":"open","ping_status":"open","sticky":false,"template":"","format":"standard","meta":[],"categories":[7],"tags":[],"_links":{"self":[{"href":"http:\/\/www.portalmantena.com.br\/novo\/index.php?rest_route=\/wp\/v2\/posts\/32889"}],"collection":[{"href":"http:\/\/www.portalmantena.com.br\/novo\/index.php?rest_route=\/wp\/v2\/posts"}],"about":[{"href":"http:\/\/www.portalmantena.com.br\/novo\/index.php?rest_route=\/wp\/v2\/types\/post"}],"author":[{"embeddable":true,"href":"http:\/\/www.portalmantena.com.br\/novo\/index.php?rest_route=\/wp\/v2\/users\/1"}],"replies":[{"embeddable":true,"href":"http:\/\/www.portalmantena.com.br\/novo\/index.php?rest_route=%2Fwp%2Fv2%2Fcomments&post=32889"}],"version-history":[{"count":3,"href":"http:\/\/www.portalmantena.com.br\/novo\/index.php?rest_route=\/wp\/v2\/posts\/32889\/revisions"}],"predecessor-version":[{"id":32892,"href":"http:\/\/www.portalmantena.com.br\/novo\/index.php?rest_route=\/wp\/v2\/posts\/32889\/revisions\/32892"}],"wp:featuredmedia":[{"embeddable":true,"href":"http:\/\/www.portalmantena.com.br\/novo\/index.php?rest_route=\/wp\/v2\/media\/32886"}],"wp:attachment":[{"href":"http:\/\/www.portalmantena.com.br\/novo\/index.php?rest_route=%2Fwp%2Fv2%2Fmedia&parent=32889"}],"wp:term":[{"taxonomy":"category","embeddable":true,"href":"http:\/\/www.portalmantena.com.br\/novo\/index.php?rest_route=%2Fwp%2Fv2%2Fcategories&post=32889"},{"taxonomy":"post_tag","embeddable":true,"href":"http:\/\/www.portalmantena.com.br\/novo\/index.php?rest_route=%2Fwp%2Fv2%2Ftags&post=32889"}],"curies":[{"name":"wp","href":"https:\/\/api.w.org\/{rel}","templated":true}]}}