{"id":32884,"date":"2018-07-12T10:33:22","date_gmt":"2018-07-12T13:33:22","guid":{"rendered":"http:\/\/www.portalmantena.com.br\/novo\/?p=32884"},"modified":"2018-07-12T10:33:22","modified_gmt":"2018-07-12T13:33:22","slug":"acabando-as-ferias-hora-de-voltar-aos-estudos","status":"publish","type":"post","link":"http:\/\/www.portalmantena.com.br\/novo\/?p=32884","title":{"rendered":"Acabando as f\u00e9rias, hora de voltar aos estudos"},"content":{"rendered":"<p><a href=\"http:\/\/www.portalmantena.com.br\/novo\/wp-content\/uploads\/2018\/07\/vi120718isadora.jpg\"><img loading=\"lazy\" class=\"alignnone size-full wp-image-32885\" src=\"http:\/\/www.portalmantena.com.br\/novo\/wp-content\/uploads\/2018\/07\/vi120718isadora.jpg\" alt=\"\" width=\"700\" height=\"450\" srcset=\"http:\/\/www.portalmantena.com.br\/novo\/wp-content\/uploads\/2018\/07\/vi120718isadora.jpg 700w, http:\/\/www.portalmantena.com.br\/novo\/wp-content\/uploads\/2018\/07\/vi120718isadora-300x193.jpg 300w, http:\/\/www.portalmantena.com.br\/novo\/wp-content\/uploads\/2018\/07\/vi120718isadora-696x447.jpg 696w, http:\/\/www.portalmantena.com.br\/novo\/wp-content\/uploads\/2018\/07\/vi120718isadora-653x420.jpg 653w\" sizes=\"(max-width: 700px) 100vw, 700px\" \/><\/a><\/p>\n<p><span style=\"font-size: 14pt;\">Hora de retornar aos estudos ap\u00f3s duas semanas de folga. A nossa amiga, a mantenense ausente Isadora Assis, filha do casal Genivaldo &amp; F\u00e1tima, est\u00e1 estuando Medicina fora do pa\u00eds, e os poucos dias de f\u00e9rias foram aproveitados em Mantena junto de familiares e amigos. <\/span><\/p>\n<p><span style=\"font-size: 14pt;\">Hora de voltar \u00e0 sala de aula, que j\u00e1 come\u00e7a na pr\u00f3xima semana, ent\u00e3o \u00e9 encarar novamente os estudos que s\u00e3o puxados. \u00a0<\/span><\/p>\n<p>&nbsp;<\/p>\n<p><span style=\"font-size: 10pt;\">ESPA\u00c7O EMPRESARIAL<\/span><img loading=\"lazy\" class=\"alignnone size-full wp-image-30339\" src=\"http:\/\/www.portalmantena.com.br\/novo\/wp-content\/uploads\/2018\/05\/casadastintas.jpg\" alt=\"\" width=\"700\" height=\"150\" srcset=\"http:\/\/www.portalmantena.com.br\/novo\/wp-content\/uploads\/2018\/05\/casadastintas.jpg 700w, http:\/\/www.portalmantena.com.br\/novo\/wp-content\/uploads\/2018\/05\/casadastintas-300x64.jpg 300w, http:\/\/www.portalmantena.com.br\/novo\/wp-content\/uploads\/2018\/05\/casadastintas-696x150.jpg 696w\" sizes=\"(max-width: 700px) 100vw, 700px\" \/><\/p>\n","protected":false},"excerpt":{"rendered":"<p>Hora de retornar aos estudos ap\u00f3s duas semanas de folga. A nossa amiga, a mantenense ausente Isadora Assis, filha do casal Genivaldo &amp; F\u00e1tima, est\u00e1 estuando Medicina fora do pa\u00eds, e os poucos dias de f\u00e9rias foram aproveitados em Mantena junto de familiares e amigos. Hora de voltar \u00e0 sala de aula, que j\u00e1 come\u00e7a [&hellip;]<\/p>\n","protected":false},"author":1,"featured_media":32885,"comment_status":"open","ping_status":"open","sticky":false,"template":"","format":"standard","meta":[],"categories":[7],"tags":[],"_links":{"self":[{"href":"http:\/\/www.portalmantena.com.br\/novo\/index.php?rest_route=\/wp\/v2\/posts\/32884"}],"collection":[{"href":"http:\/\/www.portalmantena.com.br\/novo\/index.php?rest_route=\/wp\/v2\/posts"}],"about":[{"href":"http:\/\/www.portalmantena.com.br\/novo\/index.php?rest_route=\/wp\/v2\/types\/post"}],"author":[{"embeddable":true,"href":"http:\/\/www.portalmantena.com.br\/novo\/index.php?rest_route=\/wp\/v2\/users\/1"}],"replies":[{"embeddable":true,"href":"http:\/\/www.portalmantena.com.br\/novo\/index.php?rest_route=%2Fwp%2Fv2%2Fcomments&post=32884"}],"version-history":[{"count":1,"href":"http:\/\/www.portalmantena.com.br\/novo\/index.php?rest_route=\/wp\/v2\/posts\/32884\/revisions"}],"predecessor-version":[{"id":32887,"href":"http:\/\/www.portalmantena.com.br\/novo\/index.php?rest_route=\/wp\/v2\/posts\/32884\/revisions\/32887"}],"wp:featuredmedia":[{"embeddable":true,"href":"http:\/\/www.portalmantena.com.br\/novo\/index.php?rest_route=\/wp\/v2\/media\/32885"}],"wp:attachment":[{"href":"http:\/\/www.portalmantena.com.br\/novo\/index.php?rest_route=%2Fwp%2Fv2%2Fmedia&parent=32884"}],"wp:term":[{"taxonomy":"category","embeddable":true,"href":"http:\/\/www.portalmantena.com.br\/novo\/index.php?rest_route=%2Fwp%2Fv2%2Fcategories&post=32884"},{"taxonomy":"post_tag","embeddable":true,"href":"http:\/\/www.portalmantena.com.br\/novo\/index.php?rest_route=%2Fwp%2Fv2%2Ftags&post=32884"}],"curies":[{"name":"wp","href":"https:\/\/api.w.org\/{rel}","templated":true}]}}