{"id":32881,"date":"2018-07-12T10:19:55","date_gmt":"2018-07-12T13:19:55","guid":{"rendered":"http:\/\/www.portalmantena.com.br\/novo\/?p=32881"},"modified":"2018-07-12T10:19:55","modified_gmt":"2018-07-12T13:19:55","slug":"2o-cicloturismo-terra-boa-na-agenda-dos-ciclistas-da-regiao","status":"publish","type":"post","link":"http:\/\/www.portalmantena.com.br\/novo\/?p=32881","title":{"rendered":"2\u00ba Cicloturismo Terra Boa na agenda dos ciclistas da regi\u00e3o"},"content":{"rendered":"<p><a href=\"http:\/\/www.portalmantena.com.br\/novo\/wp-content\/uploads\/2018\/07\/no120718pedal.jpg\"><img loading=\"lazy\" class=\"alignnone size-full wp-image-32882\" src=\"http:\/\/www.portalmantena.com.br\/novo\/wp-content\/uploads\/2018\/07\/no120718pedal.jpg\" alt=\"\" width=\"700\" height=\"450\" srcset=\"http:\/\/www.portalmantena.com.br\/novo\/wp-content\/uploads\/2018\/07\/no120718pedal.jpg 700w, http:\/\/www.portalmantena.com.br\/novo\/wp-content\/uploads\/2018\/07\/no120718pedal-300x193.jpg 300w, http:\/\/www.portalmantena.com.br\/novo\/wp-content\/uploads\/2018\/07\/no120718pedal-696x447.jpg 696w, http:\/\/www.portalmantena.com.br\/novo\/wp-content\/uploads\/2018\/07\/no120718pedal-653x420.jpg 653w\" sizes=\"(max-width: 700px) 100vw, 700px\" \/><\/a><\/p>\n<p><span style=\"font-size: 14pt;\">No pr\u00f3ximo dia 05 de Agosto, os ciclistas de Mantena e regi\u00e3o j\u00e1 tem um compromisso marcado. <\/span><\/p>\n<p><span style=\"font-size: 14pt;\">Ser\u00e1 a realiza\u00e7\u00e3o da 2\u00aa edi\u00e7\u00e3o do Cicloturismo Terra Boa, um evento esportivo que foi sucesso em Mantena em 2017 e que chega novamente para reunir os esportistas e ciclistas em torno desta modalidade que vem crescendo em toda regi\u00e3o. <\/span><\/p>\n<p><span style=\"font-size: 14pt;\">Como na primeira edi\u00e7\u00e3o, o evento ser\u00e1 realizado nas depend\u00eancias da Ch\u00e1cara Paradise (pr\u00f3ximo da By Hare no bairro Vila Nova). <\/span><\/p>\n<p><span style=\"font-size: 14pt;\">A programa\u00e7\u00e3o tr\u00e1s para as 7 horas o Caf\u00e9 da Manh\u00e3, em seguida \u00e0s 8 horas a largada para o vento que ter\u00e1 em seu percurso curto 35 km, e no longo 45 km (sendo obrigat\u00f3rio o uso de capacete). <\/span><\/p>\n<p><span style=\"font-size: 14pt;\">A inscri\u00e7\u00e3o para o ciclista tem o valor de R$ 35,00 e para o acompanhante R$ 20,00 mais 1 kg de alimento n\u00e3o perec\u00edvel. Inscri\u00e7\u00f5es est\u00e3o sendo feitas na Casa das Bicicletas, na rua Wilson Melado, pr\u00f3ximo do Correio em Mantena.<\/span><\/p>\n<p>&nbsp;<\/p>\n<p><span style=\"font-size: 10pt;\">ESPA\u00c7O EMPRESARIAL<\/span><a href=\"https:\/\/www.facebook.com\/profile.php?id=100004934627949&amp;fref=ts\"><img loading=\"lazy\" class=\"alignnone size-full wp-image-29178\" src=\"http:\/\/www.portalmantena.com.br\/novo\/wp-content\/uploads\/2018\/05\/printcolor.jpg\" alt=\"\" width=\"700\" height=\"150\" srcset=\"http:\/\/www.portalmantena.com.br\/novo\/wp-content\/uploads\/2018\/05\/printcolor.jpg 700w, http:\/\/www.portalmantena.com.br\/novo\/wp-content\/uploads\/2018\/05\/printcolor-300x64.jpg 300w, http:\/\/www.portalmantena.com.br\/novo\/wp-content\/uploads\/2018\/05\/printcolor-696x150.jpg 696w\" sizes=\"(max-width: 700px) 100vw, 700px\" \/><\/a><\/p>\n","protected":false},"excerpt":{"rendered":"<p>No pr\u00f3ximo dia 05 de Agosto, os ciclistas de Mantena e regi\u00e3o j\u00e1 tem um compromisso marcado. Ser\u00e1 a realiza\u00e7\u00e3o da 2\u00aa edi\u00e7\u00e3o do Cicloturismo Terra Boa, um evento esportivo que foi sucesso em Mantena em 2017 e que chega novamente para reunir os esportistas e ciclistas em torno desta modalidade que vem crescendo em [&hellip;]<\/p>\n","protected":false},"author":1,"featured_media":32882,"comment_status":"open","ping_status":"open","sticky":false,"template":"","format":"standard","meta":[],"categories":[36,22],"tags":[],"_links":{"self":[{"href":"http:\/\/www.portalmantena.com.br\/novo\/index.php?rest_route=\/wp\/v2\/posts\/32881"}],"collection":[{"href":"http:\/\/www.portalmantena.com.br\/novo\/index.php?rest_route=\/wp\/v2\/posts"}],"about":[{"href":"http:\/\/www.portalmantena.com.br\/novo\/index.php?rest_route=\/wp\/v2\/types\/post"}],"author":[{"embeddable":true,"href":"http:\/\/www.portalmantena.com.br\/novo\/index.php?rest_route=\/wp\/v2\/users\/1"}],"replies":[{"embeddable":true,"href":"http:\/\/www.portalmantena.com.br\/novo\/index.php?rest_route=%2Fwp%2Fv2%2Fcomments&post=32881"}],"version-history":[{"count":1,"href":"http:\/\/www.portalmantena.com.br\/novo\/index.php?rest_route=\/wp\/v2\/posts\/32881\/revisions"}],"predecessor-version":[{"id":32883,"href":"http:\/\/www.portalmantena.com.br\/novo\/index.php?rest_route=\/wp\/v2\/posts\/32881\/revisions\/32883"}],"wp:featuredmedia":[{"embeddable":true,"href":"http:\/\/www.portalmantena.com.br\/novo\/index.php?rest_route=\/wp\/v2\/media\/32882"}],"wp:attachment":[{"href":"http:\/\/www.portalmantena.com.br\/novo\/index.php?rest_route=%2Fwp%2Fv2%2Fmedia&parent=32881"}],"wp:term":[{"taxonomy":"category","embeddable":true,"href":"http:\/\/www.portalmantena.com.br\/novo\/index.php?rest_route=%2Fwp%2Fv2%2Fcategories&post=32881"},{"taxonomy":"post_tag","embeddable":true,"href":"http:\/\/www.portalmantena.com.br\/novo\/index.php?rest_route=%2Fwp%2Fv2%2Ftags&post=32881"}],"curies":[{"name":"wp","href":"https:\/\/api.w.org\/{rel}","templated":true}]}}