{"id":32872,"date":"2018-07-12T08:39:50","date_gmt":"2018-07-12T11:39:50","guid":{"rendered":"http:\/\/www.portalmantena.com.br\/novo\/?p=32872"},"modified":"2018-07-12T08:39:50","modified_gmt":"2018-07-12T11:39:50","slug":"prejuizos-com-gatos-de-luz-usuarios-irao-pagar-a-conta","status":"publish","type":"post","link":"http:\/\/www.portalmantena.com.br\/novo\/?p=32872","title":{"rendered":"Preju\u00edzos com \u201cgatos de luz\u201d, usu\u00e1rios ir\u00e3o pagar a conta"},"content":{"rendered":"<p><a href=\"http:\/\/www.portalmantena.com.br\/novo\/wp-content\/uploads\/2018\/07\/no120718luz.jpg\"><img loading=\"lazy\" class=\"alignnone size-full wp-image-32873\" src=\"http:\/\/www.portalmantena.com.br\/novo\/wp-content\/uploads\/2018\/07\/no120718luz.jpg\" alt=\"\" width=\"700\" height=\"450\" srcset=\"http:\/\/www.portalmantena.com.br\/novo\/wp-content\/uploads\/2018\/07\/no120718luz.jpg 700w, http:\/\/www.portalmantena.com.br\/novo\/wp-content\/uploads\/2018\/07\/no120718luz-300x193.jpg 300w, http:\/\/www.portalmantena.com.br\/novo\/wp-content\/uploads\/2018\/07\/no120718luz-696x447.jpg 696w, http:\/\/www.portalmantena.com.br\/novo\/wp-content\/uploads\/2018\/07\/no120718luz-653x420.jpg 653w\" sizes=\"(max-width: 700px) 100vw, 700px\" \/><\/a><\/p>\n<p><span style=\"font-size: 14pt;\">O projeto de lei 10.332\/18 aprovado pela C\u00e2mara dos Deputados em Bras\u00edlia esta semana, dever\u00e1 isentar do pagamento da conta de luz, fam\u00edlias com renda de at\u00e9 R$ 477,00 (ou seja, meio sal\u00e1rio m\u00ednimo). <\/span><\/p>\n<p><span style=\"font-size: 14pt;\">O projeto prev\u00ea que este valor que ser\u00e1 isentado, algu\u00e9m ter\u00e1 que pagar, ou seja, deve ser dividido e cobrado nas contas dos demais usu\u00e1rios do pa\u00eds que n\u00e3o se encaixam neste grupo de baixa renda. Os c\u00e1lculos devem acrescentar nas contas dos demais consumidores, cerca de at\u00e9 5% j\u00e1 pra o ano de 2019. <\/span><\/p>\n<p><span style=\"font-size: 14pt;\">Outra situa\u00e7\u00e3o que tamb\u00e9m deve agravar ou contribuir para uma conta de luz mais cara para os demais contribuintes, \u00e9 o repasse dos preju\u00edzos das operadoras de energia com os &#8220;gatos&#8221; ou seja com os furtos de energia ocorridos na rede. <\/span><\/p>\n<p><span style=\"font-size: 14pt;\">A proposta faz a conta do que \u00e9 deixado de arrecadar com os furtos de energia nos Estados do Acre e Rond\u00f4nia, com isso esta perda na arrecada\u00e7\u00e3o deve ser dividida tamb\u00e9m nas faturas dos demais consumidores do pa\u00eds, aumentando o valor das contas.\u00a0 (foto:internet).<\/span><\/p>\n<p>&nbsp;<\/p>\n<p><span style=\"font-size: 10pt;\">ESPA\u00c7O EMPRESARIAL<\/span><a href=\"http:\/\/www.molvw.com.br\/\"><img loading=\"lazy\" class=\"alignnone size-full wp-image-29504\" src=\"http:\/\/www.portalmantena.com.br\/novo\/wp-content\/uploads\/2018\/05\/molvolkswagen.jpg\" alt=\"\" width=\"700\" height=\"150\" srcset=\"http:\/\/www.portalmantena.com.br\/novo\/wp-content\/uploads\/2018\/05\/molvolkswagen.jpg 700w, http:\/\/www.portalmantena.com.br\/novo\/wp-content\/uploads\/2018\/05\/molvolkswagen-300x64.jpg 300w, http:\/\/www.portalmantena.com.br\/novo\/wp-content\/uploads\/2018\/05\/molvolkswagen-696x150.jpg 696w\" sizes=\"(max-width: 700px) 100vw, 700px\" \/><\/a><\/p>\n","protected":false},"excerpt":{"rendered":"<p>O projeto de lei 10.332\/18 aprovado pela C\u00e2mara dos Deputados em Bras\u00edlia esta semana, dever\u00e1 isentar do pagamento da conta de luz, fam\u00edlias com renda de at\u00e9 R$ 477,00 (ou seja, meio sal\u00e1rio m\u00ednimo). O projeto prev\u00ea que este valor que ser\u00e1 isentado, algu\u00e9m ter\u00e1 que pagar, ou seja, deve ser dividido e cobrado nas [&hellip;]<\/p>\n","protected":false},"author":1,"featured_media":32873,"comment_status":"open","ping_status":"open","sticky":false,"template":"","format":"standard","meta":[],"categories":[36,11,39],"tags":[],"_links":{"self":[{"href":"http:\/\/www.portalmantena.com.br\/novo\/index.php?rest_route=\/wp\/v2\/posts\/32872"}],"collection":[{"href":"http:\/\/www.portalmantena.com.br\/novo\/index.php?rest_route=\/wp\/v2\/posts"}],"about":[{"href":"http:\/\/www.portalmantena.com.br\/novo\/index.php?rest_route=\/wp\/v2\/types\/post"}],"author":[{"embeddable":true,"href":"http:\/\/www.portalmantena.com.br\/novo\/index.php?rest_route=\/wp\/v2\/users\/1"}],"replies":[{"embeddable":true,"href":"http:\/\/www.portalmantena.com.br\/novo\/index.php?rest_route=%2Fwp%2Fv2%2Fcomments&post=32872"}],"version-history":[{"count":1,"href":"http:\/\/www.portalmantena.com.br\/novo\/index.php?rest_route=\/wp\/v2\/posts\/32872\/revisions"}],"predecessor-version":[{"id":32874,"href":"http:\/\/www.portalmantena.com.br\/novo\/index.php?rest_route=\/wp\/v2\/posts\/32872\/revisions\/32874"}],"wp:featuredmedia":[{"embeddable":true,"href":"http:\/\/www.portalmantena.com.br\/novo\/index.php?rest_route=\/wp\/v2\/media\/32873"}],"wp:attachment":[{"href":"http:\/\/www.portalmantena.com.br\/novo\/index.php?rest_route=%2Fwp%2Fv2%2Fmedia&parent=32872"}],"wp:term":[{"taxonomy":"category","embeddable":true,"href":"http:\/\/www.portalmantena.com.br\/novo\/index.php?rest_route=%2Fwp%2Fv2%2Fcategories&post=32872"},{"taxonomy":"post_tag","embeddable":true,"href":"http:\/\/www.portalmantena.com.br\/novo\/index.php?rest_route=%2Fwp%2Fv2%2Ftags&post=32872"}],"curies":[{"name":"wp","href":"https:\/\/api.w.org\/{rel}","templated":true}]}}