{"id":32861,"date":"2018-07-12T18:51:18","date_gmt":"2018-07-12T21:51:18","guid":{"rendered":"http:\/\/www.portalmantena.com.br\/novo\/?p=32861"},"modified":"2018-07-11T15:54:59","modified_gmt":"2018-07-11T18:54:59","slug":"mantenense-participa-do-55o-forum-mineiro-de-comites-de-bacias","status":"publish","type":"post","link":"http:\/\/www.portalmantena.com.br\/novo\/?p=32861","title":{"rendered":"Mantenense participa do 55\u00ba F\u00f3rum Mineiro de Comit\u00eas de Bacias"},"content":{"rendered":"<p><a href=\"http:\/\/www.portalmantena.com.br\/novo\/wp-content\/uploads\/2018\/07\/no110718agua1.jpg\"><img loading=\"lazy\" class=\"alignnone size-full wp-image-32862\" src=\"http:\/\/www.portalmantena.com.br\/novo\/wp-content\/uploads\/2018\/07\/no110718agua1.jpg\" alt=\"\" width=\"700\" height=\"450\" srcset=\"http:\/\/www.portalmantena.com.br\/novo\/wp-content\/uploads\/2018\/07\/no110718agua1.jpg 700w, http:\/\/www.portalmantena.com.br\/novo\/wp-content\/uploads\/2018\/07\/no110718agua1-300x193.jpg 300w, http:\/\/www.portalmantena.com.br\/novo\/wp-content\/uploads\/2018\/07\/no110718agua1-696x447.jpg 696w, http:\/\/www.portalmantena.com.br\/novo\/wp-content\/uploads\/2018\/07\/no110718agua1-653x420.jpg 653w\" sizes=\"(max-width: 700px) 100vw, 700px\" \/><\/a><\/p>\n<p><span style=\"font-size: 14pt;\">Aconteceu na capital mineira Belo Horizonte esta semana, uma importante reuni\u00e3o do 55\u00ba F\u00f3rum Mineiro de Comit\u00eas de Bacias Hidrogr\u00e1ficas. <\/span><\/p>\n<p><span style=\"font-size: 14pt;\">Na ocasi\u00e3o que participaram os Secret\u00e1rios de Meio Ambiente, Coordenador de Recursos H\u00eddricos do Minist\u00e9rio do Meio Ambiente e Diretoria Geral do IGAM, al\u00e9m da coordena\u00e7\u00e3o onde o mantenense Sr. Luiz Garcia, atual presidente do Comit\u00ea de Bacia Hidrogr\u00e1fica do S\u00e3o Mateus, tamb\u00e9m participou. <\/span><\/p>\n<p><span style=\"font-size: 14pt;\">Assuntos importantes foram tratados, e na sequencia, o FNCBH apoiou a manifesta\u00e7\u00e3o do F\u00f3rum Mineiro de CBHs com rela\u00e7\u00e3o ao contingenciamento dos recursos financeiros da cobran\u00e7a e dos FHIDROs que desde de 2014 n\u00e3o s\u00e3o repassados para a estrutura\u00e7\u00e3o e operacionaliza\u00e7\u00e3o dos CBHs.<\/span><\/p>\n<p><a href=\"http:\/\/www.portalmantena.com.br\/novo\/wp-content\/uploads\/2018\/07\/no110718agua2.jpg\"><img loading=\"lazy\" class=\"alignnone size-full wp-image-32863\" src=\"http:\/\/www.portalmantena.com.br\/novo\/wp-content\/uploads\/2018\/07\/no110718agua2.jpg\" alt=\"\" width=\"700\" height=\"450\" srcset=\"http:\/\/www.portalmantena.com.br\/novo\/wp-content\/uploads\/2018\/07\/no110718agua2.jpg 700w, http:\/\/www.portalmantena.com.br\/novo\/wp-content\/uploads\/2018\/07\/no110718agua2-300x193.jpg 300w, http:\/\/www.portalmantena.com.br\/novo\/wp-content\/uploads\/2018\/07\/no110718agua2-696x447.jpg 696w, http:\/\/www.portalmantena.com.br\/novo\/wp-content\/uploads\/2018\/07\/no110718agua2-653x420.jpg 653w\" sizes=\"(max-width: 700px) 100vw, 700px\" \/><\/a><\/p>\n<p>&nbsp;<\/p>\n<p><span style=\"font-size: 10pt;\">ESPA\u00c7O EMPRESARIAL<\/span><a href=\"http:\/\/www.portalmantena.com.br\/novo\/wp-content\/uploads\/2018\/05\/postoterraboa.jpg\"><img loading=\"lazy\" class=\"alignnone size-full wp-image-29172\" src=\"http:\/\/www.portalmantena.com.br\/novo\/wp-content\/uploads\/2018\/05\/postoterraboa.jpg\" alt=\"\" width=\"700\" height=\"150\" srcset=\"http:\/\/www.portalmantena.com.br\/novo\/wp-content\/uploads\/2018\/05\/postoterraboa.jpg 700w, http:\/\/www.portalmantena.com.br\/novo\/wp-content\/uploads\/2018\/05\/postoterraboa-300x64.jpg 300w, http:\/\/www.portalmantena.com.br\/novo\/wp-content\/uploads\/2018\/05\/postoterraboa-696x150.jpg 696w\" sizes=\"(max-width: 700px) 100vw, 700px\" \/><\/a><\/p>\n","protected":false},"excerpt":{"rendered":"<p>Aconteceu na capital mineira Belo Horizonte esta semana, uma importante reuni\u00e3o do 55\u00ba F\u00f3rum Mineiro de Comit\u00eas de Bacias Hidrogr\u00e1ficas. Na ocasi\u00e3o que participaram os Secret\u00e1rios de Meio Ambiente, Coordenador de Recursos H\u00eddricos do Minist\u00e9rio do Meio Ambiente e Diretoria Geral do IGAM, al\u00e9m da coordena\u00e7\u00e3o onde o mantenense Sr. Luiz Garcia, atual presidente do [&hellip;]<\/p>\n","protected":false},"author":1,"featured_media":32863,"comment_status":"open","ping_status":"open","sticky":false,"template":"","format":"standard","meta":[],"categories":[36,11,39],"tags":[],"_links":{"self":[{"href":"http:\/\/www.portalmantena.com.br\/novo\/index.php?rest_route=\/wp\/v2\/posts\/32861"}],"collection":[{"href":"http:\/\/www.portalmantena.com.br\/novo\/index.php?rest_route=\/wp\/v2\/posts"}],"about":[{"href":"http:\/\/www.portalmantena.com.br\/novo\/index.php?rest_route=\/wp\/v2\/types\/post"}],"author":[{"embeddable":true,"href":"http:\/\/www.portalmantena.com.br\/novo\/index.php?rest_route=\/wp\/v2\/users\/1"}],"replies":[{"embeddable":true,"href":"http:\/\/www.portalmantena.com.br\/novo\/index.php?rest_route=%2Fwp%2Fv2%2Fcomments&post=32861"}],"version-history":[{"count":1,"href":"http:\/\/www.portalmantena.com.br\/novo\/index.php?rest_route=\/wp\/v2\/posts\/32861\/revisions"}],"predecessor-version":[{"id":32864,"href":"http:\/\/www.portalmantena.com.br\/novo\/index.php?rest_route=\/wp\/v2\/posts\/32861\/revisions\/32864"}],"wp:featuredmedia":[{"embeddable":true,"href":"http:\/\/www.portalmantena.com.br\/novo\/index.php?rest_route=\/wp\/v2\/media\/32863"}],"wp:attachment":[{"href":"http:\/\/www.portalmantena.com.br\/novo\/index.php?rest_route=%2Fwp%2Fv2%2Fmedia&parent=32861"}],"wp:term":[{"taxonomy":"category","embeddable":true,"href":"http:\/\/www.portalmantena.com.br\/novo\/index.php?rest_route=%2Fwp%2Fv2%2Fcategories&post=32861"},{"taxonomy":"post_tag","embeddable":true,"href":"http:\/\/www.portalmantena.com.br\/novo\/index.php?rest_route=%2Fwp%2Fv2%2Ftags&post=32861"}],"curies":[{"name":"wp","href":"https:\/\/api.w.org\/{rel}","templated":true}]}}