{"id":32858,"date":"2018-07-11T15:32:03","date_gmt":"2018-07-11T18:32:03","guid":{"rendered":"http:\/\/www.portalmantena.com.br\/novo\/?p=32858"},"modified":"2018-07-11T15:32:03","modified_gmt":"2018-07-11T18:32:03","slug":"alem-das-criancas-resgatadas-da-caverna-na-tailandia","status":"publish","type":"post","link":"http:\/\/www.portalmantena.com.br\/novo\/?p=32858","title":{"rendered":"AL\u00c9M DAS CRIAN\u00c7AS RESGATADAS DA CAVERNA NA TAIL\u00c2NDIA!"},"content":{"rendered":"<p><a href=\"http:\/\/www.portalmantena.com.br\/novo\/wp-content\/uploads\/2017\/08\/reflexao1.jpg\"><img loading=\"lazy\" class=\"alignnone size-full wp-image-12987\" src=\"http:\/\/www.portalmantena.com.br\/novo\/wp-content\/uploads\/2017\/08\/reflexao1.jpg\" alt=\"\" width=\"325\" height=\"180\" srcset=\"http:\/\/www.portalmantena.com.br\/novo\/wp-content\/uploads\/2017\/08\/reflexao1.jpg 325w, http:\/\/www.portalmantena.com.br\/novo\/wp-content\/uploads\/2017\/08\/reflexao1-300x166.jpg 300w, http:\/\/www.portalmantena.com.br\/novo\/wp-content\/uploads\/2017\/08\/reflexao1-324x180.jpg 324w\" sizes=\"(max-width: 325px) 100vw, 325px\" \/><\/a><\/p>\n<p>11 de Julho<\/p>\n<p><span style=\"font-size: 18pt;\"><strong>AL\u00c9M DAS CRIAN\u00c7AS RESGATADAS DA CAVERNA NA TAIL\u00c2NDIA!<\/strong><\/span><\/p>\n<p><span style=\"font-size: 14pt;\">Um drama, envolvendo 12 crian\u00e7as presas e seu treinador de futebol numa caverna em Tham Luang no norte da Tail\u00e2ndia, comoveu o mundo inteiro. <\/span><\/p>\n<p><span style=\"font-size: 14pt;\">Eles entraram no complexo de cavernas no fim da tarde de s\u00e1bado, 23 de junho, durante um passeio ap\u00f3s o treino de futebol. Foram surpreendidos por uma chuva forte que inundou o complexo, obrigando-os a fugir por dentro dos t\u00faneis at\u00e9 se instalarem em um local seco, pr\u00f3ximo \u00e0 c\u00e2mara conhecida como Praia Pattaya, a 4 quil\u00f4metros da entrada. O desaparecimento, provocou uma mobiliza\u00e7\u00e3o enorme, e eles foram encontrados por dois mergulhadores brit\u00e2nicos no dia 02 de julho, portanto, nove dias depois do desaparecimento. <\/span><\/p>\n<p><span style=\"font-size: 14pt;\">Enquanto o resgate n\u00e3o acontecia, foi montada uma estrat\u00e9gia para mant\u00ea-los vivos com mergulhadores levando alimentos e bombeando oxig\u00eanio. <\/span><\/p>\n<p><span style=\"font-size: 14pt;\">O acesso era dif\u00edcil e perigoso, e mesmo contabilizando a morte de um mergulhador, as equipes de resgate n\u00e3o desistiram e retiraram todos eles com um sucesso louv\u00e1vel! Evidentemente, toda essa hist\u00f3ria me sensibilizou, afinal, vidas estavam em jogo! Refletindo sobre o tema, cheguei \u00e0 conclus\u00e3o de que al\u00e9m dos meninos da caverna e seu de t\u00e9cnico, outras crian\u00e7as est\u00e3o em perigo pelo mundo. Refiro-me \u00e0 uma gera\u00e7\u00e3o que, embora tenha \u201ckit de sobreviv\u00eancia\u201d, est\u00e1, literalmente, \u00e0 beira da morte. Uma gera\u00e7\u00e3o muito inteligente, mas que n\u00e3o tem estrutura para o t\u00e9rmino de um namoro. <\/span><\/p>\n<p><span style=\"font-size: 14pt;\">Pergunto-me: O que tem acontecido com a nova gera\u00e7\u00e3o que tem o dom\u00ednio da tecnologia, mas n\u00e3o tem o dom\u00ednio das suas emo\u00e7\u00f5es a ponto de tentar suic\u00eddio por motivos t\u00e3o banais? J\u00e1 notou como a nova gera\u00e7\u00e3o de crian\u00e7as est\u00e1 pedindo socorro? Isso me leva a crer que al\u00e9m das crian\u00e7as da caverna na Tail\u00e2ndia, existem muitas outras que precisam ser resgatadas, urgentemente, ou seja, antes que morram perdidas em suas aventuras pela vida. Mas como podemos salvar esta gera\u00e7\u00e3o de crian\u00e7as? Veja algumas sugest\u00f5es que fa\u00e7o a seguir:<\/span><br \/>\n<span style=\"font-size: 14pt;\"> 1) Se quisermos salvar esta gera\u00e7\u00e3o de crian\u00e7as, precisamos parar de mim\u00e1-las e fazer suas vontades. Tenho aprendido que toda crian\u00e7a mimada ser\u00e1 um adulto infeliz, pois o mundo n\u00e3o est\u00e1 organizado para satisfazer nossas vontades. E isso tem a propriedade de frustrar quem n\u00e3o aprendeu nada sobre frustra\u00e7\u00e3o, afinal, nunca ouviu \u201cn\u00e3o\u201d dentro de casa. Isso \u00e9 um perigo!<\/span><br \/>\n<span style=\"font-size: 14pt;\"> 2) Se quisermos salvar esta gera\u00e7\u00e3o de crian\u00e7as, precisamos parar de confundir aten\u00e7\u00e3o com agrados compensat\u00f3rios. Infelizmente, h\u00e1 uma falsa ideia de que precisamos dar muitas coisas aos nossos filhos, e para tanto, vale o sacrif\u00edcio da dist\u00e2ncia por causa do trabalho de onde vamos tirar o dinheiro para financiar tal investimento. O problema dessa vis\u00e3o \u00e9 que pessoas n\u00e3o s\u00e3o moldadas por coisas, mas pela conviv\u00eancia com seus pares. Ou seja, a gera\u00e7\u00e3o de crian\u00e7as, que temos hoje em dia, sofre de car\u00eancia de afetividade. Pois convive mais com computadores, brinquedos, celulares e os v\u00eddeos do Youtube. Isso \u00e9 um perigo!<\/span><br \/>\n<span style=\"font-size: 14pt;\"> 3) Se quisermos salvar esta gera\u00e7\u00e3o de crian\u00e7as, precisamos cuidar de nossa imagem pessoal a fim de que sejamos refer\u00eancia moral. Se tem uma marca distintiva da gera\u00e7\u00e3o de crian\u00e7as de hoje, \u00e9 a esperteza, ou seja, n\u00e3o existe mais crian\u00e7a boba! O que significa que nenhum adulto vai ganhar o respeito de nenhuma crian\u00e7a no grito. Crian\u00e7a, hoje em dia, respeita quem tem moral. O problema \u00e9 que esta virtude do car\u00e1ter anda em falta na vida dos adultos. Precisamos ser mais honestos, mais comprometidos, equilibrados e verdadeiros, pois a melhor educa\u00e7\u00e3o \u00e9 o exemplo! Se a crian\u00e7a notar desvios em nosso car\u00e1ter, n\u00e3o nos respeitar\u00e1. Isso \u00e9 um perigo!<\/span><br \/>\n<span style=\"font-size: 14pt;\"> 4) Se quisermos salvar esta gera\u00e7\u00e3o de crian\u00e7as, precisamos nos preocupar mais em instruir do que em informar. A instru\u00e7\u00e3o \u00e9 a capacidade de ensinar pela viv\u00eancia. Isto \u00e9, mostrando o caminho com os pr\u00f3prios passos. N\u00e3o adianta apontar o que \u00e9 certo. \u00c9 preciso demonstrar porque \u00e9 certo. Hoje em dia, as crian\u00e7as t\u00eam acesso \u00e0 informa\u00e7\u00f5es que, n\u00f3s, os adultos, levamos tempo para conhecer. Ent\u00e3o as palavras somente, n\u00e3o convencem. \u00c9 preciso demonstrar na viv\u00eancia o que as crian\u00e7as precisar\u00e3o para a sua vida, valendo-se de estrat\u00e9gias como a meritocracia, o respeito, o amor e a f\u00e9! Crian\u00e7as que n\u00e3o s\u00e3o submetidas \u00e0 autoridade da viv\u00eancia, tendem ao crescimento natural, ou seja, sem limites. Isso \u00e9 um perigo!<\/span><br \/>\n<span style=\"font-size: 14pt;\"> Muito bem, embora estejamos felizes pelo resgate das 12 crian\u00e7as e de seu professor da caverna na Tail\u00e2ndia, devemos nos lembrar que al\u00e9m delas, existem outras presas em \u201ccavernas\u201d t\u00e3o perigosas quanto! Nosso papel \u00e9 n\u00e3o desistir delas, viabilizando-lhes uma hist\u00f3ria que v\u00e1 muito al\u00e9m da sobreviv\u00eancia. Falo de uma hist\u00f3ria que esteja comprometida com a felicidade! Pense nisso, e vamos salvar quem est\u00e1 preso nas \u201ccavernas\u201d da vida!<\/span><\/p>\n<p>&nbsp;<br \/>\n<span style=\"font-size: 14pt;\"> Pr. Marcelo Petrucci da Silva.<\/span><\/p>\n<p>&nbsp;<\/p>\n","protected":false},"excerpt":{"rendered":"<p>11 de Julho AL\u00c9M DAS CRIAN\u00c7AS RESGATADAS DA CAVERNA NA TAIL\u00c2NDIA! Um drama, envolvendo 12 crian\u00e7as presas e seu treinador de futebol numa caverna em Tham Luang no norte da Tail\u00e2ndia, comoveu o mundo inteiro. Eles entraram no complexo de cavernas no fim da tarde de s\u00e1bado, 23 de junho, durante um passeio ap\u00f3s o [&hellip;]<\/p>\n","protected":false},"author":1,"featured_media":32859,"comment_status":"open","ping_status":"open","sticky":false,"template":"","format":"standard","meta":[],"categories":[56],"tags":[],"_links":{"self":[{"href":"http:\/\/www.portalmantena.com.br\/novo\/index.php?rest_route=\/wp\/v2\/posts\/32858"}],"collection":[{"href":"http:\/\/www.portalmantena.com.br\/novo\/index.php?rest_route=\/wp\/v2\/posts"}],"about":[{"href":"http:\/\/www.portalmantena.com.br\/novo\/index.php?rest_route=\/wp\/v2\/types\/post"}],"author":[{"embeddable":true,"href":"http:\/\/www.portalmantena.com.br\/novo\/index.php?rest_route=\/wp\/v2\/users\/1"}],"replies":[{"embeddable":true,"href":"http:\/\/www.portalmantena.com.br\/novo\/index.php?rest_route=%2Fwp%2Fv2%2Fcomments&post=32858"}],"version-history":[{"count":1,"href":"http:\/\/www.portalmantena.com.br\/novo\/index.php?rest_route=\/wp\/v2\/posts\/32858\/revisions"}],"predecessor-version":[{"id":32860,"href":"http:\/\/www.portalmantena.com.br\/novo\/index.php?rest_route=\/wp\/v2\/posts\/32858\/revisions\/32860"}],"wp:featuredmedia":[{"embeddable":true,"href":"http:\/\/www.portalmantena.com.br\/novo\/index.php?rest_route=\/wp\/v2\/media\/32859"}],"wp:attachment":[{"href":"http:\/\/www.portalmantena.com.br\/novo\/index.php?rest_route=%2Fwp%2Fv2%2Fmedia&parent=32858"}],"wp:term":[{"taxonomy":"category","embeddable":true,"href":"http:\/\/www.portalmantena.com.br\/novo\/index.php?rest_route=%2Fwp%2Fv2%2Fcategories&post=32858"},{"taxonomy":"post_tag","embeddable":true,"href":"http:\/\/www.portalmantena.com.br\/novo\/index.php?rest_route=%2Fwp%2Fv2%2Ftags&post=32858"}],"curies":[{"name":"wp","href":"https:\/\/api.w.org\/{rel}","templated":true}]}}