{"id":32833,"date":"2018-07-12T07:19:38","date_gmt":"2018-07-12T10:19:38","guid":{"rendered":"http:\/\/www.portalmantena.com.br\/novo\/?p=32833"},"modified":"2018-07-11T10:29:12","modified_gmt":"2018-07-11T13:29:12","slug":"manutencao-sendo-feita-na-pista-entre-bsf-e-vila-luciene","status":"publish","type":"post","link":"http:\/\/www.portalmantena.com.br\/novo\/?p=32833","title":{"rendered":"Manuten\u00e7\u00e3o sendo feita na pista entre BSF e Vila Luciene"},"content":{"rendered":"<p><a href=\"http:\/\/www.portalmantena.com.br\/novo\/wp-content\/uploads\/2018\/07\/no110718pista1.jpg\"><img loading=\"lazy\" class=\"alignnone size-full wp-image-32834\" src=\"http:\/\/www.portalmantena.com.br\/novo\/wp-content\/uploads\/2018\/07\/no110718pista1.jpg\" alt=\"\" width=\"700\" height=\"450\" srcset=\"http:\/\/www.portalmantena.com.br\/novo\/wp-content\/uploads\/2018\/07\/no110718pista1.jpg 700w, http:\/\/www.portalmantena.com.br\/novo\/wp-content\/uploads\/2018\/07\/no110718pista1-300x193.jpg 300w, http:\/\/www.portalmantena.com.br\/novo\/wp-content\/uploads\/2018\/07\/no110718pista1-696x447.jpg 696w, http:\/\/www.portalmantena.com.br\/novo\/wp-content\/uploads\/2018\/07\/no110718pista1-653x420.jpg 653w\" sizes=\"(max-width: 700px) 100vw, 700px\" \/><\/a><\/p>\n<p><span style=\"font-size: 14pt;\">Uma equipe formada por membros das Secretarias de Transporte e de Servi\u00e7os, do munic\u00edpio de Barra de S\u00e3o Francisco iniciou na tarde desta ter\u00e7a-feira, 10 de julho, a limpeza da pista de caminhada, no trecho que liga o bairro Irm\u00e3os Fernandes \u00e0 Vila Luciene. <\/span><\/p>\n<p><span style=\"font-size: 14pt;\">Segundo informa\u00e7\u00f5es, entre os servi\u00e7os realizados pelos colaboradores da prefeitura est\u00e3o: Podas de \u00e1rvores, Capina, Nivelamento (patrolamento), Pequenos reparos e Limpeza. <\/span><\/p>\n<p><span style=\"font-size: 14pt;\">O servi\u00e7o que est\u00e1 sendo realizado \u00e9 realmente de grande import\u00e2ncia para a comunidade, pois al\u00e9m deste local ser utilizado para o exerc\u00edcio f\u00edsico di\u00e1rio com as caminhadas como tamb\u00e9m os ciclistas, a comunidade que mora nas imedia\u00e7\u00f5es tamb\u00e9m utiliza deste trecho para locomo\u00e7\u00e3o. (foto:redesocial\/whatsapp).<\/span><\/p>\n<p><a href=\"http:\/\/www.portalmantena.com.br\/novo\/wp-content\/uploads\/2018\/07\/no110718pista2.jpg\"><img loading=\"lazy\" class=\"alignnone size-full wp-image-32835\" src=\"http:\/\/www.portalmantena.com.br\/novo\/wp-content\/uploads\/2018\/07\/no110718pista2.jpg\" alt=\"\" width=\"700\" height=\"450\" srcset=\"http:\/\/www.portalmantena.com.br\/novo\/wp-content\/uploads\/2018\/07\/no110718pista2.jpg 700w, http:\/\/www.portalmantena.com.br\/novo\/wp-content\/uploads\/2018\/07\/no110718pista2-300x193.jpg 300w, http:\/\/www.portalmantena.com.br\/novo\/wp-content\/uploads\/2018\/07\/no110718pista2-696x447.jpg 696w, http:\/\/www.portalmantena.com.br\/novo\/wp-content\/uploads\/2018\/07\/no110718pista2-653x420.jpg 653w\" sizes=\"(max-width: 700px) 100vw, 700px\" \/><\/a> <a href=\"http:\/\/www.portalmantena.com.br\/novo\/wp-content\/uploads\/2018\/07\/no110718pista3.jpg\"><img loading=\"lazy\" class=\"alignnone size-full wp-image-32836\" src=\"http:\/\/www.portalmantena.com.br\/novo\/wp-content\/uploads\/2018\/07\/no110718pista3.jpg\" alt=\"\" width=\"700\" height=\"450\" srcset=\"http:\/\/www.portalmantena.com.br\/novo\/wp-content\/uploads\/2018\/07\/no110718pista3.jpg 700w, http:\/\/www.portalmantena.com.br\/novo\/wp-content\/uploads\/2018\/07\/no110718pista3-300x193.jpg 300w, http:\/\/www.portalmantena.com.br\/novo\/wp-content\/uploads\/2018\/07\/no110718pista3-696x447.jpg 696w, http:\/\/www.portalmantena.com.br\/novo\/wp-content\/uploads\/2018\/07\/no110718pista3-653x420.jpg 653w\" sizes=\"(max-width: 700px) 100vw, 700px\" \/><\/a><\/p>\n<p>&nbsp;<\/p>\n<p><span style=\"font-size: 10pt;\">ESPA\u00c7O EMPRESARIAL<\/span><a href=\"http:\/\/www.portalmantena.com.br\/novo\/wp-content\/uploads\/2018\/05\/postoterraboa.jpg\"><img loading=\"lazy\" class=\"alignnone size-full wp-image-29172\" src=\"http:\/\/www.portalmantena.com.br\/novo\/wp-content\/uploads\/2018\/05\/postoterraboa.jpg\" alt=\"\" width=\"700\" height=\"150\" srcset=\"http:\/\/www.portalmantena.com.br\/novo\/wp-content\/uploads\/2018\/05\/postoterraboa.jpg 700w, http:\/\/www.portalmantena.com.br\/novo\/wp-content\/uploads\/2018\/05\/postoterraboa-300x64.jpg 300w, http:\/\/www.portalmantena.com.br\/novo\/wp-content\/uploads\/2018\/05\/postoterraboa-696x150.jpg 696w\" sizes=\"(max-width: 700px) 100vw, 700px\" \/><\/a><\/p>\n","protected":false},"excerpt":{"rendered":"<p>Uma equipe formada por membros das Secretarias de Transporte e de Servi\u00e7os, do munic\u00edpio de Barra de S\u00e3o Francisco iniciou na tarde desta ter\u00e7a-feira, 10 de julho, a limpeza da pista de caminhada, no trecho que liga o bairro Irm\u00e3os Fernandes \u00e0 Vila Luciene. Segundo informa\u00e7\u00f5es, entre os servi\u00e7os realizados pelos colaboradores da prefeitura est\u00e3o: [&hellip;]<\/p>\n","protected":false},"author":1,"featured_media":32834,"comment_status":"open","ping_status":"open","sticky":false,"template":"","format":"standard","meta":[],"categories":[11,39],"tags":[],"_links":{"self":[{"href":"http:\/\/www.portalmantena.com.br\/novo\/index.php?rest_route=\/wp\/v2\/posts\/32833"}],"collection":[{"href":"http:\/\/www.portalmantena.com.br\/novo\/index.php?rest_route=\/wp\/v2\/posts"}],"about":[{"href":"http:\/\/www.portalmantena.com.br\/novo\/index.php?rest_route=\/wp\/v2\/types\/post"}],"author":[{"embeddable":true,"href":"http:\/\/www.portalmantena.com.br\/novo\/index.php?rest_route=\/wp\/v2\/users\/1"}],"replies":[{"embeddable":true,"href":"http:\/\/www.portalmantena.com.br\/novo\/index.php?rest_route=%2Fwp%2Fv2%2Fcomments&post=32833"}],"version-history":[{"count":1,"href":"http:\/\/www.portalmantena.com.br\/novo\/index.php?rest_route=\/wp\/v2\/posts\/32833\/revisions"}],"predecessor-version":[{"id":32837,"href":"http:\/\/www.portalmantena.com.br\/novo\/index.php?rest_route=\/wp\/v2\/posts\/32833\/revisions\/32837"}],"wp:featuredmedia":[{"embeddable":true,"href":"http:\/\/www.portalmantena.com.br\/novo\/index.php?rest_route=\/wp\/v2\/media\/32834"}],"wp:attachment":[{"href":"http:\/\/www.portalmantena.com.br\/novo\/index.php?rest_route=%2Fwp%2Fv2%2Fmedia&parent=32833"}],"wp:term":[{"taxonomy":"category","embeddable":true,"href":"http:\/\/www.portalmantena.com.br\/novo\/index.php?rest_route=%2Fwp%2Fv2%2Fcategories&post=32833"},{"taxonomy":"post_tag","embeddable":true,"href":"http:\/\/www.portalmantena.com.br\/novo\/index.php?rest_route=%2Fwp%2Fv2%2Ftags&post=32833"}],"curies":[{"name":"wp","href":"https:\/\/api.w.org\/{rel}","templated":true}]}}