{"id":32414,"date":"2018-07-05T03:22:16","date_gmt":"2018-07-05T06:22:16","guid":{"rendered":"http:\/\/www.portalmantena.com.br\/novo\/?p=32414"},"modified":"2018-07-04T14:04:48","modified_gmt":"2018-07-04T17:04:48","slug":"mae-terra-como-ser-vivo-mantenenses-apoiam-o-projeto","status":"publish","type":"post","link":"http:\/\/www.portalmantena.com.br\/novo\/?p=32414","title":{"rendered":"&#8220;M\u00e3e Terra como ser vivo&#8221;, Mantenenses apoiam o Projeto"},"content":{"rendered":"<p><a href=\"http:\/\/www.portalmantena.com.br\/novo\/wp-content\/uploads\/2018\/07\/no040718terra4.jpg\"><img loading=\"lazy\" class=\"alignnone size-full wp-image-32418\" src=\"http:\/\/www.portalmantena.com.br\/novo\/wp-content\/uploads\/2018\/07\/no040718terra4.jpg\" alt=\"\" width=\"700\" height=\"450\" srcset=\"http:\/\/www.portalmantena.com.br\/novo\/wp-content\/uploads\/2018\/07\/no040718terra4.jpg 700w, http:\/\/www.portalmantena.com.br\/novo\/wp-content\/uploads\/2018\/07\/no040718terra4-300x193.jpg 300w, http:\/\/www.portalmantena.com.br\/novo\/wp-content\/uploads\/2018\/07\/no040718terra4-696x447.jpg 696w, http:\/\/www.portalmantena.com.br\/novo\/wp-content\/uploads\/2018\/07\/no040718terra4-653x420.jpg 653w\" sizes=\"(max-width: 700px) 100vw, 700px\" \/><\/a><\/p>\n<p><span style=\"font-size: 14pt;\">No Domingo, dia 6 de Maio, iniciou-se a Campanha Mundial de recolhimento de assinaturas para a peti\u00e7\u00e3o que a EMAP (Embaixada Mundial dos Ativistas pela Paz) estar\u00e1 fazendo aos \u00f3rg\u00e3os competentes (ONU e OEA) para o reconhecimento do planeta Terra como um ser vivo, e a ado\u00e7\u00e3o da proclama\u00e7\u00e3o da constitui\u00e7\u00e3o dos direitos da M\u00e3e Terra. <\/span><\/p>\n<p><span style=\"font-size: 14pt;\">Com esse prop\u00f3sito, estiveram reunidos na pra\u00e7a Fernandes Filho em Mantena, ativistas da EMAP, e iniciaram a\u00e7\u00f5es efetivas para contribuir com esse projeto mundial em benef\u00edcio e prote\u00e7\u00e3o aos direitos da M\u00e3e-Terra para que seja RECONHECIDA COMO UM SER VIVO. <\/span><\/p>\n<p><span style=\"font-size: 14pt;\">A meta at\u00e9 o fim de agosto s\u00e3o 500.000 assinaturas em todo o mundo. A EMAP te convida a dar sua Assinatura em apoio \u00e0 solicita\u00e7\u00e3o que se far\u00e1 \u00e0 Organiza\u00e7\u00e3o dos Estados Americanos e \u00e0 Organiza\u00e7\u00e3o das Na\u00e7\u00f5es Unidas para que RECONHE\u00c7AM A M\u00c3E TERRA COMO UM SER VIVO. <\/span><\/p>\n<p><span style=\"font-size: 14pt;\">Este documento \u00e9tico est\u00e1 constru\u00eddo sobre a base de princ\u00edpios e valores ambientais, documentos e postulados cient\u00edficos, conhecimentos e saber dos povos ind\u00edgenas, resolu\u00e7\u00f5es da Organiza\u00e7\u00e3o das Na\u00e7\u00f5es Unidas e com a participa\u00e7\u00e3o inclusiva de Todos os setores da sociedade civil. <\/span><\/p>\n<p><span style=\"font-size: 14pt;\">Dr. William Soto \u00e9 o fundador e idealizador pacifista Mundial do Projeto. O Coordenador local da Emap \u00e9 o jovem Weslley William Silva Pereira, e Gian Del Corto \u00e9 o Coordenador Nacional.<\/span><\/p>\n<p><a href=\"http:\/\/www.portalmantena.com.br\/novo\/wp-content\/uploads\/2018\/07\/no040718terra1.jpg\"><img loading=\"lazy\" class=\"alignnone size-full wp-image-32415\" src=\"http:\/\/www.portalmantena.com.br\/novo\/wp-content\/uploads\/2018\/07\/no040718terra1.jpg\" alt=\"\" width=\"700\" height=\"450\" srcset=\"http:\/\/www.portalmantena.com.br\/novo\/wp-content\/uploads\/2018\/07\/no040718terra1.jpg 700w, http:\/\/www.portalmantena.com.br\/novo\/wp-content\/uploads\/2018\/07\/no040718terra1-300x193.jpg 300w, http:\/\/www.portalmantena.com.br\/novo\/wp-content\/uploads\/2018\/07\/no040718terra1-696x447.jpg 696w, http:\/\/www.portalmantena.com.br\/novo\/wp-content\/uploads\/2018\/07\/no040718terra1-653x420.jpg 653w\" sizes=\"(max-width: 700px) 100vw, 700px\" \/><\/a><a href=\"http:\/\/www.portalmantena.com.br\/novo\/wp-content\/uploads\/2018\/07\/no040718terra2.jpg\"><img loading=\"lazy\" class=\"alignnone size-full wp-image-32416\" src=\"http:\/\/www.portalmantena.com.br\/novo\/wp-content\/uploads\/2018\/07\/no040718terra2.jpg\" alt=\"\" width=\"700\" height=\"450\" srcset=\"http:\/\/www.portalmantena.com.br\/novo\/wp-content\/uploads\/2018\/07\/no040718terra2.jpg 700w, http:\/\/www.portalmantena.com.br\/novo\/wp-content\/uploads\/2018\/07\/no040718terra2-300x193.jpg 300w, http:\/\/www.portalmantena.com.br\/novo\/wp-content\/uploads\/2018\/07\/no040718terra2-696x447.jpg 696w, http:\/\/www.portalmantena.com.br\/novo\/wp-content\/uploads\/2018\/07\/no040718terra2-653x420.jpg 653w\" sizes=\"(max-width: 700px) 100vw, 700px\" \/><\/a> <a href=\"http:\/\/www.portalmantena.com.br\/novo\/wp-content\/uploads\/2018\/07\/no040718terra3.jpg\"><img loading=\"lazy\" class=\"alignnone size-full wp-image-32417\" src=\"http:\/\/www.portalmantena.com.br\/novo\/wp-content\/uploads\/2018\/07\/no040718terra3.jpg\" alt=\"\" width=\"700\" height=\"450\" srcset=\"http:\/\/www.portalmantena.com.br\/novo\/wp-content\/uploads\/2018\/07\/no040718terra3.jpg 700w, http:\/\/www.portalmantena.com.br\/novo\/wp-content\/uploads\/2018\/07\/no040718terra3-300x193.jpg 300w, http:\/\/www.portalmantena.com.br\/novo\/wp-content\/uploads\/2018\/07\/no040718terra3-696x447.jpg 696w, http:\/\/www.portalmantena.com.br\/novo\/wp-content\/uploads\/2018\/07\/no040718terra3-653x420.jpg 653w\" sizes=\"(max-width: 700px) 100vw, 700px\" \/><\/a><a href=\"http:\/\/www.portalmantena.com.br\/novo\/wp-content\/uploads\/2018\/07\/no040718terra5.jpg\"><img loading=\"lazy\" class=\"alignnone size-full wp-image-32419\" src=\"http:\/\/www.portalmantena.com.br\/novo\/wp-content\/uploads\/2018\/07\/no040718terra5.jpg\" alt=\"\" width=\"700\" height=\"450\" srcset=\"http:\/\/www.portalmantena.com.br\/novo\/wp-content\/uploads\/2018\/07\/no040718terra5.jpg 700w, http:\/\/www.portalmantena.com.br\/novo\/wp-content\/uploads\/2018\/07\/no040718terra5-300x193.jpg 300w, http:\/\/www.portalmantena.com.br\/novo\/wp-content\/uploads\/2018\/07\/no040718terra5-696x447.jpg 696w, http:\/\/www.portalmantena.com.br\/novo\/wp-content\/uploads\/2018\/07\/no040718terra5-653x420.jpg 653w\" sizes=\"(max-width: 700px) 100vw, 700px\" \/><\/a><\/p>\n<p>&nbsp;<\/p>\n<p><span style=\"font-size: 10pt;\">ESPA\u00c7O EMPRESARIAL<\/span><a href=\"http:\/\/www.portalmantena.com.br\/novo\/wp-content\/uploads\/2018\/05\/cafebonzonfaixa.jpg\"><img loading=\"lazy\" class=\"alignnone size-full wp-image-29162\" src=\"http:\/\/www.portalmantena.com.br\/novo\/wp-content\/uploads\/2018\/05\/cafebonzonfaixa.jpg\" alt=\"\" width=\"700\" height=\"150\" srcset=\"http:\/\/www.portalmantena.com.br\/novo\/wp-content\/uploads\/2018\/05\/cafebonzonfaixa.jpg 700w, http:\/\/www.portalmantena.com.br\/novo\/wp-content\/uploads\/2018\/05\/cafebonzonfaixa-300x64.jpg 300w, http:\/\/www.portalmantena.com.br\/novo\/wp-content\/uploads\/2018\/05\/cafebonzonfaixa-696x150.jpg 696w\" sizes=\"(max-width: 700px) 100vw, 700px\" \/><\/a><\/p>\n","protected":false},"excerpt":{"rendered":"<p>No Domingo, dia 6 de Maio, iniciou-se a Campanha Mundial de recolhimento de assinaturas para a peti\u00e7\u00e3o que a EMAP (Embaixada Mundial dos Ativistas pela Paz) estar\u00e1 fazendo aos \u00f3rg\u00e3os competentes (ONU e OEA) para o reconhecimento do planeta Terra como um ser vivo, e a ado\u00e7\u00e3o da proclama\u00e7\u00e3o da constitui\u00e7\u00e3o dos direitos da M\u00e3e [&hellip;]<\/p>\n","protected":false},"author":1,"featured_media":32418,"comment_status":"open","ping_status":"open","sticky":false,"template":"","format":"standard","meta":[],"categories":[36,12],"tags":[],"_links":{"self":[{"href":"http:\/\/www.portalmantena.com.br\/novo\/index.php?rest_route=\/wp\/v2\/posts\/32414"}],"collection":[{"href":"http:\/\/www.portalmantena.com.br\/novo\/index.php?rest_route=\/wp\/v2\/posts"}],"about":[{"href":"http:\/\/www.portalmantena.com.br\/novo\/index.php?rest_route=\/wp\/v2\/types\/post"}],"author":[{"embeddable":true,"href":"http:\/\/www.portalmantena.com.br\/novo\/index.php?rest_route=\/wp\/v2\/users\/1"}],"replies":[{"embeddable":true,"href":"http:\/\/www.portalmantena.com.br\/novo\/index.php?rest_route=%2Fwp%2Fv2%2Fcomments&post=32414"}],"version-history":[{"count":1,"href":"http:\/\/www.portalmantena.com.br\/novo\/index.php?rest_route=\/wp\/v2\/posts\/32414\/revisions"}],"predecessor-version":[{"id":32420,"href":"http:\/\/www.portalmantena.com.br\/novo\/index.php?rest_route=\/wp\/v2\/posts\/32414\/revisions\/32420"}],"wp:featuredmedia":[{"embeddable":true,"href":"http:\/\/www.portalmantena.com.br\/novo\/index.php?rest_route=\/wp\/v2\/media\/32418"}],"wp:attachment":[{"href":"http:\/\/www.portalmantena.com.br\/novo\/index.php?rest_route=%2Fwp%2Fv2%2Fmedia&parent=32414"}],"wp:term":[{"taxonomy":"category","embeddable":true,"href":"http:\/\/www.portalmantena.com.br\/novo\/index.php?rest_route=%2Fwp%2Fv2%2Fcategories&post=32414"},{"taxonomy":"post_tag","embeddable":true,"href":"http:\/\/www.portalmantena.com.br\/novo\/index.php?rest_route=%2Fwp%2Fv2%2Ftags&post=32414"}],"curies":[{"name":"wp","href":"https:\/\/api.w.org\/{rel}","templated":true}]}}