{"id":32411,"date":"2018-07-05T13:14:48","date_gmt":"2018-07-05T16:14:48","guid":{"rendered":"http:\/\/www.portalmantena.com.br\/novo\/?p=32411"},"modified":"2018-07-04T13:22:11","modified_gmt":"2018-07-04T16:22:11","slug":"contas-de-agua-da-copasa-serao-reajustadas-431-em-media","status":"publish","type":"post","link":"http:\/\/www.portalmantena.com.br\/novo\/?p=32411","title":{"rendered":"Contas de \u00e1gua da Copasa ser\u00e3o reajustadas 4,31% em m\u00e9dia"},"content":{"rendered":"<p><a href=\"http:\/\/www.portalmantena.com.br\/novo\/wp-content\/uploads\/2018\/07\/no040718agua.jpg\"><img loading=\"lazy\" class=\"alignnone size-full wp-image-32412\" src=\"http:\/\/www.portalmantena.com.br\/novo\/wp-content\/uploads\/2018\/07\/no040718agua.jpg\" alt=\"\" width=\"700\" height=\"450\" srcset=\"http:\/\/www.portalmantena.com.br\/novo\/wp-content\/uploads\/2018\/07\/no040718agua.jpg 700w, http:\/\/www.portalmantena.com.br\/novo\/wp-content\/uploads\/2018\/07\/no040718agua-300x193.jpg 300w, http:\/\/www.portalmantena.com.br\/novo\/wp-content\/uploads\/2018\/07\/no040718agua-696x447.jpg 696w, http:\/\/www.portalmantena.com.br\/novo\/wp-content\/uploads\/2018\/07\/no040718agua-653x420.jpg 653w\" sizes=\"(max-width: 700px) 100vw, 700px\" \/><\/a><\/p>\n<p><span style=\"font-size: 14pt;\">As contas de \u00e1gua e esgoto da Companhia de Saneamento de Minas Gerais (Copasa-MG) v\u00e3o ser reajustadas em 4,31%, em m\u00e9dia, a partir de agosto. <\/span><\/p>\n<p><span style=\"font-size: 14pt;\">O an\u00fancio foi feito na \u00faltima sexta-feira (29 de Junho) pelo governo do Estado de Minas Gerais. A autoriza\u00e7\u00e3o para o aumento foi concedida pela Ag\u00eancia Reguladora de Servi\u00e7os de Abastecimento de \u00c1gua e de Esgotamento Sanit\u00e1rio do Estado de Minas Gerais (Arsae-MG) e publicada no Di\u00e1rio Oficial de s\u00e1bado (30). <\/span><\/p>\n<p><span style=\"font-size: 14pt;\">O \u00edndice do reajuste \u00e9 maior que a infla\u00e7\u00e3o acumulada nos \u00faltimos 12 meses, entre maio de 2017 e 2018, de acordo com o IPCA: 2,86 %. Segundo o governo, a conta aumenta em cada faixa de consumo conforme a utiliza\u00e7\u00e3o da \u00e1gua nas diferentes categorias: residencial, comercial, industrial ou p\u00fablica.<\/span><\/p>\n<p>&nbsp;<\/p>\n<p><span style=\"font-size: 10pt;\">ESPA\u00c7O EMPRESARIAL<\/span><a href=\"http:\/\/www.portalmantena.com.br\/novo\/?p=30194\"><img src=\"http:\/\/www.portalmantena.com.br\/novo\/wp-content\/uploads\/2018\/06\/uni040618p-1.jpg\" \/><\/a><\/p>\n","protected":false},"excerpt":{"rendered":"<p>As contas de \u00e1gua e esgoto da Companhia de Saneamento de Minas Gerais (Copasa-MG) v\u00e3o ser reajustadas em 4,31%, em m\u00e9dia, a partir de agosto. O an\u00fancio foi feito na \u00faltima sexta-feira (29 de Junho) pelo governo do Estado de Minas Gerais. A autoriza\u00e7\u00e3o para o aumento foi concedida pela Ag\u00eancia Reguladora de Servi\u00e7os de [&hellip;]<\/p>\n","protected":false},"author":1,"featured_media":32412,"comment_status":"open","ping_status":"open","sticky":false,"template":"","format":"standard","meta":[],"categories":[11,39],"tags":[],"_links":{"self":[{"href":"http:\/\/www.portalmantena.com.br\/novo\/index.php?rest_route=\/wp\/v2\/posts\/32411"}],"collection":[{"href":"http:\/\/www.portalmantena.com.br\/novo\/index.php?rest_route=\/wp\/v2\/posts"}],"about":[{"href":"http:\/\/www.portalmantena.com.br\/novo\/index.php?rest_route=\/wp\/v2\/types\/post"}],"author":[{"embeddable":true,"href":"http:\/\/www.portalmantena.com.br\/novo\/index.php?rest_route=\/wp\/v2\/users\/1"}],"replies":[{"embeddable":true,"href":"http:\/\/www.portalmantena.com.br\/novo\/index.php?rest_route=%2Fwp%2Fv2%2Fcomments&post=32411"}],"version-history":[{"count":1,"href":"http:\/\/www.portalmantena.com.br\/novo\/index.php?rest_route=\/wp\/v2\/posts\/32411\/revisions"}],"predecessor-version":[{"id":32413,"href":"http:\/\/www.portalmantena.com.br\/novo\/index.php?rest_route=\/wp\/v2\/posts\/32411\/revisions\/32413"}],"wp:featuredmedia":[{"embeddable":true,"href":"http:\/\/www.portalmantena.com.br\/novo\/index.php?rest_route=\/wp\/v2\/media\/32412"}],"wp:attachment":[{"href":"http:\/\/www.portalmantena.com.br\/novo\/index.php?rest_route=%2Fwp%2Fv2%2Fmedia&parent=32411"}],"wp:term":[{"taxonomy":"category","embeddable":true,"href":"http:\/\/www.portalmantena.com.br\/novo\/index.php?rest_route=%2Fwp%2Fv2%2Fcategories&post=32411"},{"taxonomy":"post_tag","embeddable":true,"href":"http:\/\/www.portalmantena.com.br\/novo\/index.php?rest_route=%2Fwp%2Fv2%2Ftags&post=32411"}],"curies":[{"name":"wp","href":"https:\/\/api.w.org\/{rel}","templated":true}]}}