{"id":32399,"date":"2018-07-05T06:27:00","date_gmt":"2018-07-05T09:27:00","guid":{"rendered":"http:\/\/www.portalmantena.com.br\/novo\/?p=32399"},"modified":"2018-07-04T10:30:57","modified_gmt":"2018-07-04T13:30:57","slug":"projeto-da-pm-ensina-candidatos-a-como-prestar-concurso","status":"publish","type":"post","link":"http:\/\/www.portalmantena.com.br\/novo\/?p=32399","title":{"rendered":"Projeto da PM ensina candidatos a como prestar concurso"},"content":{"rendered":"<p><a href=\"http:\/\/www.portalmantena.com.br\/novo\/wp-content\/uploads\/2018\/07\/no040718pm.jpg\"><img loading=\"lazy\" class=\"alignnone size-full wp-image-32400\" src=\"http:\/\/www.portalmantena.com.br\/novo\/wp-content\/uploads\/2018\/07\/no040718pm.jpg\" alt=\"\" width=\"700\" height=\"450\" srcset=\"http:\/\/www.portalmantena.com.br\/novo\/wp-content\/uploads\/2018\/07\/no040718pm.jpg 700w, http:\/\/www.portalmantena.com.br\/novo\/wp-content\/uploads\/2018\/07\/no040718pm-300x193.jpg 300w, http:\/\/www.portalmantena.com.br\/novo\/wp-content\/uploads\/2018\/07\/no040718pm-696x447.jpg 696w, http:\/\/www.portalmantena.com.br\/novo\/wp-content\/uploads\/2018\/07\/no040718pm-653x420.jpg 653w\" sizes=\"(max-width: 700px) 100vw, 700px\" \/><\/a><\/p>\n<p><span style=\"font-size: 14pt;\">O comandante do 8\u00b0 Batalh\u00e3o, tenente-coronel R\u00f4mulo Souza Dias, fez a abertura do Projeto Pol\u00edcia Ensina no munic\u00edpio de Baixo Guandu. A aula inaugural aconteceu na noite desta segunda-feira (02). O preparat\u00f3rio ser\u00e1 para o concurso de soldado e oficiais da PMES. <\/span><\/p>\n<p><span style=\"font-size: 14pt;\">O cursinho aos membros da comunidade que n\u00e3o possuam condi\u00e7\u00f5es de arcar com os custos de um preparat\u00f3rio. O projeto tem como docentes oficiais e pra\u00e7as da PM no hor\u00e1rio de folga, juiz de direito, delegado da Pol\u00edcia Civil, professores universit\u00e1rios e outros volunt\u00e1rios. <\/span><\/p>\n<p><span style=\"font-size: 14pt;\">A inciativa est\u00e1 atendendo 150 alunos no munic\u00edpio de forma totalmente gratuita. Para ingressar no preparat\u00f3rio os candidatos fizeram doa\u00e7\u00f5es de alimentos e roupas que ser\u00e3o objetos de uma a\u00e7\u00e3o social. <\/span><\/p>\n<p><span style=\"font-size: 14pt;\">O cursinho ir\u00e1 trabalhar todo o conte\u00fado program\u00e1tico para o concurso e ter\u00e1 acompanhamento para treinamento f\u00edsico com professores de educa\u00e7\u00e3o f\u00edsica e nutricionista. <\/span><\/p>\n<p><span style=\"font-size: 14pt;\">O comandante do Batalh\u00e3o esteve presente na aula inaugural e afirmou que \u201cdiante de um cen\u00e1rio de quase 400 dias sem registro de homic\u00eddio na cidade de Baixo Guando a PMES traz uma a\u00e7\u00e3o social para sedimentar a intera\u00e7\u00e3o entre Pol\u00edcia Militar, sociedade e demais autoridades atuantes no munic\u00edpio\u201d, pontou. <\/span><\/p>\n<p><span style=\"font-size: 14pt;\">O Projeto Pol\u00edcia Ensina foi criado em 2015, idealizado pelo capit\u00e3o Carlos Balbino Serrano e pelo sargento Eliomar Dias, e apoiado pelo Comando da Unidade. <\/span><\/p>\n<p><span style=\"font-size: 14pt;\">O objetivo \u00e9 atender o p\u00fablico interno e externo com aulas preparat\u00f3rias para o Exame Nacional do Ensino M\u00e9dio, concurso para o Curso de Habilita\u00e7\u00e3o de Sargento e agora para o concurso de admiss\u00e3o de soldado e oficial combatente. (fonte\/foto:PM).<\/span><\/p>\n<p>&nbsp;<\/p>\n<p>ESPA\u00c7O EMPRESARIAL<a href=\"https:\/\/www.facebook.com\/farmaciasdrogaminas\/?ref=br_rs\"><img loading=\"lazy\" class=\"alignnone size-full wp-image-30658\" src=\"http:\/\/www.portalmantena.com.br\/novo\/wp-content\/uploads\/2018\/05\/drogaminasfaixa.jpg\" alt=\"\" width=\"700\" height=\"150\" srcset=\"http:\/\/www.portalmantena.com.br\/novo\/wp-content\/uploads\/2018\/05\/drogaminasfaixa.jpg 700w, http:\/\/www.portalmantena.com.br\/novo\/wp-content\/uploads\/2018\/05\/drogaminasfaixa-300x64.jpg 300w, http:\/\/www.portalmantena.com.br\/novo\/wp-content\/uploads\/2018\/05\/drogaminasfaixa-696x150.jpg 696w\" sizes=\"(max-width: 700px) 100vw, 700px\" \/><\/a><\/p>\n","protected":false},"excerpt":{"rendered":"<p>O comandante do 8\u00b0 Batalh\u00e3o, tenente-coronel R\u00f4mulo Souza Dias, fez a abertura do Projeto Pol\u00edcia Ensina no munic\u00edpio de Baixo Guandu. A aula inaugural aconteceu na noite desta segunda-feira (02). O preparat\u00f3rio ser\u00e1 para o concurso de soldado e oficiais da PMES. O cursinho aos membros da comunidade que n\u00e3o possuam condi\u00e7\u00f5es de arcar com [&hellip;]<\/p>\n","protected":false},"author":1,"featured_media":32400,"comment_status":"open","ping_status":"open","sticky":false,"template":"","format":"standard","meta":[],"categories":[11,39],"tags":[],"_links":{"self":[{"href":"http:\/\/www.portalmantena.com.br\/novo\/index.php?rest_route=\/wp\/v2\/posts\/32399"}],"collection":[{"href":"http:\/\/www.portalmantena.com.br\/novo\/index.php?rest_route=\/wp\/v2\/posts"}],"about":[{"href":"http:\/\/www.portalmantena.com.br\/novo\/index.php?rest_route=\/wp\/v2\/types\/post"}],"author":[{"embeddable":true,"href":"http:\/\/www.portalmantena.com.br\/novo\/index.php?rest_route=\/wp\/v2\/users\/1"}],"replies":[{"embeddable":true,"href":"http:\/\/www.portalmantena.com.br\/novo\/index.php?rest_route=%2Fwp%2Fv2%2Fcomments&post=32399"}],"version-history":[{"count":1,"href":"http:\/\/www.portalmantena.com.br\/novo\/index.php?rest_route=\/wp\/v2\/posts\/32399\/revisions"}],"predecessor-version":[{"id":32401,"href":"http:\/\/www.portalmantena.com.br\/novo\/index.php?rest_route=\/wp\/v2\/posts\/32399\/revisions\/32401"}],"wp:featuredmedia":[{"embeddable":true,"href":"http:\/\/www.portalmantena.com.br\/novo\/index.php?rest_route=\/wp\/v2\/media\/32400"}],"wp:attachment":[{"href":"http:\/\/www.portalmantena.com.br\/novo\/index.php?rest_route=%2Fwp%2Fv2%2Fmedia&parent=32399"}],"wp:term":[{"taxonomy":"category","embeddable":true,"href":"http:\/\/www.portalmantena.com.br\/novo\/index.php?rest_route=%2Fwp%2Fv2%2Fcategories&post=32399"},{"taxonomy":"post_tag","embeddable":true,"href":"http:\/\/www.portalmantena.com.br\/novo\/index.php?rest_route=%2Fwp%2Fv2%2Ftags&post=32399"}],"curies":[{"name":"wp","href":"https:\/\/api.w.org\/{rel}","templated":true}]}}