{"id":32350,"date":"2018-07-13T12:28:06","date_gmt":"2018-07-13T15:28:06","guid":{"rendered":"http:\/\/www.portalmantena.com.br\/novo\/?p=32350"},"modified":"2018-07-13T07:54:09","modified_gmt":"2018-07-13T10:54:09","slug":"ebf-na-pib-em-mantena-dias-14-e-15-de-julho-alo-criancada","status":"publish","type":"post","link":"http:\/\/www.portalmantena.com.br\/novo\/?p=32350","title":{"rendered":"EBF no pr\u00f3ximo s\u00e1bado e domingo na PIB em Mantena"},"content":{"rendered":"<p><a href=\"http:\/\/www.portalmantena.com.br\/novo\/wp-content\/uploads\/2018\/07\/no030718ebf.jpg\"><img loading=\"lazy\" class=\"alignnone size-full wp-image-32351\" src=\"http:\/\/www.portalmantena.com.br\/novo\/wp-content\/uploads\/2018\/07\/no030718ebf.jpg\" alt=\"\" width=\"700\" height=\"450\" srcset=\"http:\/\/www.portalmantena.com.br\/novo\/wp-content\/uploads\/2018\/07\/no030718ebf.jpg 700w, http:\/\/www.portalmantena.com.br\/novo\/wp-content\/uploads\/2018\/07\/no030718ebf-300x193.jpg 300w, http:\/\/www.portalmantena.com.br\/novo\/wp-content\/uploads\/2018\/07\/no030718ebf-696x447.jpg 696w, http:\/\/www.portalmantena.com.br\/novo\/wp-content\/uploads\/2018\/07\/no030718ebf-653x420.jpg 653w\" sizes=\"(max-width: 700px) 100vw, 700px\" \/><\/a><\/p>\n<p><span style=\"font-size: 14pt;\">Em tempo de f\u00e9rias escolares no m\u00eas de Julho, o que n\u00e3o poder\u00e1 faltar para as crian\u00e7as neste per\u00edodo em Mantena \u00e9 a realiza\u00e7\u00e3o da EBF &#8211; Escola B\u00edblica de F\u00e9rias, evento que a Primeira Igreja Batista de Mantena ir\u00e1 realizar nos dias 14 e 15 deste m\u00eas na cidade. <\/span><\/p>\n<p><span style=\"font-size: 14pt;\">A EBF abranger\u00e1 crian\u00e7as de 1 a 12 anos. No s\u00e1bado dia 14 de Julho o in\u00edcio est\u00e1 previsto para as 14 horas e no domingo em dois hor\u00e1rios, \u00e0s 8 hs da manh\u00e3 e as 20 horas, no templo da Primeira Igreja Batista de Mantena. De acordo com a realiza\u00e7\u00e3o da EBF, ser\u00e3o momentos de Louvor, Hist\u00f3rias, brincadeiras, lanche, artes e m\u00fasica. <\/span><\/p>\n<p><span style=\"font-size: 14pt;\">Acontecer\u00e3o tamb\u00e9m v\u00e1rias oficinas, e funcionar\u00e1 no sistema de rod\u00edzio, tais como: Vesti\u00e1rio (Sala de Hist\u00f3ria), Trof\u00e9us (Sala de Artes), Campo (Recrea\u00e7\u00e3o), Hino (Sala de M\u00fasica) e Intervalo (Lanche com os nutricionistas do Clube). <\/span><\/p>\n<p><span style=\"font-size: 14pt;\">Em ritmo de Copa do Mundo, o objetivo \u00e9 a crian\u00e7a fazer parte do Time de Jesus, tendo ele como t\u00e9cnico da sua vida. Haver\u00e1 tamb\u00e9m os secret\u00e1rios e os seguran\u00e7as do clube. <\/span><\/p>\n<p><span style=\"font-size: 14pt;\">Toda a linguagem ser\u00e1 associada ao Mundo do futebol aproveitando o momento da Copa do Mundo. Pais, direcionem seus filhos para aproveitarem este belo e importante momento das crian\u00e7as na igreja, levem elas at\u00e9 a EBF e comprove.<\/span><\/p>\n<p>&nbsp;<\/p>\n<p><span style=\"font-size: 10pt;\">ESPA\u00c7O EMPRESARIAL<\/span><img loading=\"lazy\" class=\"alignnone size-full wp-image-30339\" src=\"http:\/\/www.portalmantena.com.br\/novo\/wp-content\/uploads\/2018\/05\/casadastintas.jpg\" alt=\"\" width=\"700\" height=\"150\" srcset=\"http:\/\/www.portalmantena.com.br\/novo\/wp-content\/uploads\/2018\/05\/casadastintas.jpg 700w, http:\/\/www.portalmantena.com.br\/novo\/wp-content\/uploads\/2018\/05\/casadastintas-300x64.jpg 300w, http:\/\/www.portalmantena.com.br\/novo\/wp-content\/uploads\/2018\/05\/casadastintas-696x150.jpg 696w\" sizes=\"(max-width: 700px) 100vw, 700px\" \/><\/p>\n","protected":false},"excerpt":{"rendered":"<p>Em tempo de f\u00e9rias escolares no m\u00eas de Julho, o que n\u00e3o poder\u00e1 faltar para as crian\u00e7as neste per\u00edodo em Mantena \u00e9 a realiza\u00e7\u00e3o da EBF &#8211; Escola B\u00edblica de F\u00e9rias, evento que a Primeira Igreja Batista de Mantena ir\u00e1 realizar nos dias 14 e 15 deste m\u00eas na cidade. A EBF abranger\u00e1 crian\u00e7as de [&hellip;]<\/p>\n","protected":false},"author":1,"featured_media":32351,"comment_status":"open","ping_status":"open","sticky":false,"template":"","format":"standard","meta":[],"categories":[60,36,11],"tags":[],"_links":{"self":[{"href":"http:\/\/www.portalmantena.com.br\/novo\/index.php?rest_route=\/wp\/v2\/posts\/32350"}],"collection":[{"href":"http:\/\/www.portalmantena.com.br\/novo\/index.php?rest_route=\/wp\/v2\/posts"}],"about":[{"href":"http:\/\/www.portalmantena.com.br\/novo\/index.php?rest_route=\/wp\/v2\/types\/post"}],"author":[{"embeddable":true,"href":"http:\/\/www.portalmantena.com.br\/novo\/index.php?rest_route=\/wp\/v2\/users\/1"}],"replies":[{"embeddable":true,"href":"http:\/\/www.portalmantena.com.br\/novo\/index.php?rest_route=%2Fwp%2Fv2%2Fcomments&post=32350"}],"version-history":[{"count":3,"href":"http:\/\/www.portalmantena.com.br\/novo\/index.php?rest_route=\/wp\/v2\/posts\/32350\/revisions"}],"predecessor-version":[{"id":32767,"href":"http:\/\/www.portalmantena.com.br\/novo\/index.php?rest_route=\/wp\/v2\/posts\/32350\/revisions\/32767"}],"wp:featuredmedia":[{"embeddable":true,"href":"http:\/\/www.portalmantena.com.br\/novo\/index.php?rest_route=\/wp\/v2\/media\/32351"}],"wp:attachment":[{"href":"http:\/\/www.portalmantena.com.br\/novo\/index.php?rest_route=%2Fwp%2Fv2%2Fmedia&parent=32350"}],"wp:term":[{"taxonomy":"category","embeddable":true,"href":"http:\/\/www.portalmantena.com.br\/novo\/index.php?rest_route=%2Fwp%2Fv2%2Fcategories&post=32350"},{"taxonomy":"post_tag","embeddable":true,"href":"http:\/\/www.portalmantena.com.br\/novo\/index.php?rest_route=%2Fwp%2Fv2%2Ftags&post=32350"}],"curies":[{"name":"wp","href":"https:\/\/api.w.org\/{rel}","templated":true}]}}