{"id":32224,"date":"2018-07-02T09:26:36","date_gmt":"2018-07-02T12:26:36","guid":{"rendered":"http:\/\/www.portalmantena.com.br\/novo\/?p=32224"},"modified":"2018-07-02T09:26:36","modified_gmt":"2018-07-02T12:26:36","slug":"julho-comeca-com-acidente-em-local-complicado-em-mantena","status":"publish","type":"post","link":"http:\/\/www.portalmantena.com.br\/novo\/?p=32224","title":{"rendered":"Julho come\u00e7a com acidente em local complicado em Mantena"},"content":{"rendered":"<p><a href=\"http:\/\/www.portalmantena.com.br\/novo\/wp-content\/uploads\/2018\/07\/no020718moto.jpg\"><img loading=\"lazy\" class=\"alignnone size-full wp-image-32225\" src=\"http:\/\/www.portalmantena.com.br\/novo\/wp-content\/uploads\/2018\/07\/no020718moto.jpg\" alt=\"\" width=\"700\" height=\"450\" srcset=\"http:\/\/www.portalmantena.com.br\/novo\/wp-content\/uploads\/2018\/07\/no020718moto.jpg 700w, http:\/\/www.portalmantena.com.br\/novo\/wp-content\/uploads\/2018\/07\/no020718moto-300x193.jpg 300w, http:\/\/www.portalmantena.com.br\/novo\/wp-content\/uploads\/2018\/07\/no020718moto-696x447.jpg 696w, http:\/\/www.portalmantena.com.br\/novo\/wp-content\/uploads\/2018\/07\/no020718moto-653x420.jpg 653w\" sizes=\"(max-width: 700px) 100vw, 700px\" \/><\/a><\/p>\n<p><span style=\"font-size: 14pt;\">O m\u00eas de Julho come\u00e7a em Mantena com um acidente envolvendo carro e moto. O fato aconteceu na manh\u00e3 deste domingo dia 1\u00ba de Julho, na esquina da rua Santa Luzia com Benedito Valadares no centro da cidade. <\/span><\/p>\n<p><span style=\"font-size: 14pt;\">Segundo informa\u00e7\u00f5es, o condutor de uma moto Honda CBR de carenagem branca, seguia subindo a via Santa Luzia quando foi surpreendido por uma picku up de cor branca que seguia sentido contr\u00e1rio, e usando a contra-m\u00e3o de dire\u00e7\u00e3o. <\/span><\/p>\n<p><span style=\"font-size: 14pt;\">O impacto foi inevit\u00e1vel, lan\u00e7ando o motociclista ao ch\u00e3o. De acordo com informa\u00e7\u00f5es ele se feriu levemente por\u00e9m foi encaminhado para o pronto atendimento em Mantena. J\u00e1 o condutor da pick up n\u00e3o prestou socorro e evadiu-se do local do acidente. <\/span><\/p>\n<p><span style=\"font-size: 14pt;\">A motocicleta ficou ca\u00edda no asfalto em um local que \u00e9 considerado perigoso, uma curva em que muitos motoristas costumam n\u00e3o respeitar a m\u00e3o dupla, principalmente ve\u00edculos longos. (foto:redesocial\/whatsapp).<\/span><\/p>\n<p>&nbsp;<\/p>\n<p><span style=\"font-size: 10pt;\">ESPA\u00c7O EMPRESARIAL<\/span><a href=\"http:\/\/www.portalmantena.com.br\/novo\/wp-content\/uploads\/2018\/05\/postoterraboa.jpg\"><img loading=\"lazy\" class=\"alignnone size-full wp-image-29172\" src=\"http:\/\/www.portalmantena.com.br\/novo\/wp-content\/uploads\/2018\/05\/postoterraboa.jpg\" alt=\"\" width=\"700\" height=\"150\" srcset=\"http:\/\/www.portalmantena.com.br\/novo\/wp-content\/uploads\/2018\/05\/postoterraboa.jpg 700w, http:\/\/www.portalmantena.com.br\/novo\/wp-content\/uploads\/2018\/05\/postoterraboa-300x64.jpg 300w, http:\/\/www.portalmantena.com.br\/novo\/wp-content\/uploads\/2018\/05\/postoterraboa-696x150.jpg 696w\" sizes=\"(max-width: 700px) 100vw, 700px\" \/><\/a><\/p>\n","protected":false},"excerpt":{"rendered":"<p>O m\u00eas de Julho come\u00e7a em Mantena com um acidente envolvendo carro e moto. O fato aconteceu na manh\u00e3 deste domingo dia 1\u00ba de Julho, na esquina da rua Santa Luzia com Benedito Valadares no centro da cidade. Segundo informa\u00e7\u00f5es, o condutor de uma moto Honda CBR de carenagem branca, seguia subindo a via Santa [&hellip;]<\/p>\n","protected":false},"author":1,"featured_media":32225,"comment_status":"open","ping_status":"open","sticky":false,"template":"","format":"standard","meta":[],"categories":[36,11],"tags":[],"_links":{"self":[{"href":"http:\/\/www.portalmantena.com.br\/novo\/index.php?rest_route=\/wp\/v2\/posts\/32224"}],"collection":[{"href":"http:\/\/www.portalmantena.com.br\/novo\/index.php?rest_route=\/wp\/v2\/posts"}],"about":[{"href":"http:\/\/www.portalmantena.com.br\/novo\/index.php?rest_route=\/wp\/v2\/types\/post"}],"author":[{"embeddable":true,"href":"http:\/\/www.portalmantena.com.br\/novo\/index.php?rest_route=\/wp\/v2\/users\/1"}],"replies":[{"embeddable":true,"href":"http:\/\/www.portalmantena.com.br\/novo\/index.php?rest_route=%2Fwp%2Fv2%2Fcomments&post=32224"}],"version-history":[{"count":1,"href":"http:\/\/www.portalmantena.com.br\/novo\/index.php?rest_route=\/wp\/v2\/posts\/32224\/revisions"}],"predecessor-version":[{"id":32226,"href":"http:\/\/www.portalmantena.com.br\/novo\/index.php?rest_route=\/wp\/v2\/posts\/32224\/revisions\/32226"}],"wp:featuredmedia":[{"embeddable":true,"href":"http:\/\/www.portalmantena.com.br\/novo\/index.php?rest_route=\/wp\/v2\/media\/32225"}],"wp:attachment":[{"href":"http:\/\/www.portalmantena.com.br\/novo\/index.php?rest_route=%2Fwp%2Fv2%2Fmedia&parent=32224"}],"wp:term":[{"taxonomy":"category","embeddable":true,"href":"http:\/\/www.portalmantena.com.br\/novo\/index.php?rest_route=%2Fwp%2Fv2%2Fcategories&post=32224"},{"taxonomy":"post_tag","embeddable":true,"href":"http:\/\/www.portalmantena.com.br\/novo\/index.php?rest_route=%2Fwp%2Fv2%2Ftags&post=32224"}],"curies":[{"name":"wp","href":"https:\/\/api.w.org\/{rel}","templated":true}]}}