{"id":32221,"date":"2018-07-02T09:02:09","date_gmt":"2018-07-02T12:02:09","guid":{"rendered":"http:\/\/www.portalmantena.com.br\/novo\/?p=32221"},"modified":"2018-07-02T09:26:32","modified_gmt":"2018-07-02T12:26:32","slug":"pm-se-reune-com-parte-da-rede-de-comerciantes-protegidos","status":"publish","type":"post","link":"http:\/\/www.portalmantena.com.br\/novo\/?p=32221","title":{"rendered":"PM se re\u00fane com parte da Rede de Comerciantes Protegidos"},"content":{"rendered":"<p><a href=\"http:\/\/www.portalmantena.com.br\/novo\/wp-content\/uploads\/2018\/07\/no020718reuniao.jpg\"><img loading=\"lazy\" class=\"alignnone size-full wp-image-32222\" src=\"http:\/\/www.portalmantena.com.br\/novo\/wp-content\/uploads\/2018\/07\/no020718reuniao.jpg\" alt=\"\" width=\"700\" height=\"450\" srcset=\"http:\/\/www.portalmantena.com.br\/novo\/wp-content\/uploads\/2018\/07\/no020718reuniao.jpg 700w, http:\/\/www.portalmantena.com.br\/novo\/wp-content\/uploads\/2018\/07\/no020718reuniao-300x193.jpg 300w, http:\/\/www.portalmantena.com.br\/novo\/wp-content\/uploads\/2018\/07\/no020718reuniao-696x447.jpg 696w, http:\/\/www.portalmantena.com.br\/novo\/wp-content\/uploads\/2018\/07\/no020718reuniao-653x420.jpg 653w\" sizes=\"(max-width: 700px) 100vw, 700px\" \/><\/a><\/p>\n<p><span style=\"font-size: 14pt;\">Na \u00faltima sexta-feira dia 29 de Junho, o Comandante do 1\u00b0Pelot\u00e3o da 18\u00aa cia PM Ind de Mantena, Tenente B\u00e9rthalo reuniu com representantes do com\u00e9rcio que compreende parte da Rede de Comerciantes Protegidos, para que Comerciantes e Policiais possam trabalhar juntos contra os atos de vandalismo, crimes e badernas em qualquer tempo e local da cidade. <\/span><\/p>\n<p><span style=\"font-size: 14pt;\">A Pol\u00edcia Militar salientou que as reuni\u00f5es ser\u00e3o frequentes e setorizadas. Assim todos os comerciantes poder\u00e3o manter a PM informada sobre as principais demandas de sua localidade. <\/span><\/p>\n<p><span style=\"font-size: 14pt;\">Em contrapartida a PM orientar\u00e1 sobre a seguran\u00e7a local e tomar\u00e1 \u00e0s medidas mais adequadas para cada setor, empregando o policiamento de acordo com a demanda identificada. (fonte\/foto:PM).<\/span><\/p>\n<p>&nbsp;<\/p>\n<p><span style=\"font-size: 10pt;\">ESPA\u00c7O EMPRESARIAL<\/span><img loading=\"lazy\" class=\"alignnone size-full wp-image-30339\" src=\"http:\/\/www.portalmantena.com.br\/novo\/wp-content\/uploads\/2018\/05\/casadastintas.jpg\" alt=\"\" width=\"700\" height=\"150\" srcset=\"http:\/\/www.portalmantena.com.br\/novo\/wp-content\/uploads\/2018\/05\/casadastintas.jpg 700w, http:\/\/www.portalmantena.com.br\/novo\/wp-content\/uploads\/2018\/05\/casadastintas-300x64.jpg 300w, http:\/\/www.portalmantena.com.br\/novo\/wp-content\/uploads\/2018\/05\/casadastintas-696x150.jpg 696w\" sizes=\"(max-width: 700px) 100vw, 700px\" \/><\/p>\n<p>&nbsp;<\/p>\n<p>&nbsp;<\/p>\n","protected":false},"excerpt":{"rendered":"<p>Na \u00faltima sexta-feira dia 29 de Junho, o Comandante do 1\u00b0Pelot\u00e3o da 18\u00aa cia PM Ind de Mantena, Tenente B\u00e9rthalo reuniu com representantes do com\u00e9rcio que compreende parte da Rede de Comerciantes Protegidos, para que Comerciantes e Policiais possam trabalhar juntos contra os atos de vandalismo, crimes e badernas em qualquer tempo e local da [&hellip;]<\/p>\n","protected":false},"author":1,"featured_media":32222,"comment_status":"open","ping_status":"open","sticky":false,"template":"","format":"standard","meta":[],"categories":[36,69],"tags":[],"_links":{"self":[{"href":"http:\/\/www.portalmantena.com.br\/novo\/index.php?rest_route=\/wp\/v2\/posts\/32221"}],"collection":[{"href":"http:\/\/www.portalmantena.com.br\/novo\/index.php?rest_route=\/wp\/v2\/posts"}],"about":[{"href":"http:\/\/www.portalmantena.com.br\/novo\/index.php?rest_route=\/wp\/v2\/types\/post"}],"author":[{"embeddable":true,"href":"http:\/\/www.portalmantena.com.br\/novo\/index.php?rest_route=\/wp\/v2\/users\/1"}],"replies":[{"embeddable":true,"href":"http:\/\/www.portalmantena.com.br\/novo\/index.php?rest_route=%2Fwp%2Fv2%2Fcomments&post=32221"}],"version-history":[{"count":1,"href":"http:\/\/www.portalmantena.com.br\/novo\/index.php?rest_route=\/wp\/v2\/posts\/32221\/revisions"}],"predecessor-version":[{"id":32223,"href":"http:\/\/www.portalmantena.com.br\/novo\/index.php?rest_route=\/wp\/v2\/posts\/32221\/revisions\/32223"}],"wp:featuredmedia":[{"embeddable":true,"href":"http:\/\/www.portalmantena.com.br\/novo\/index.php?rest_route=\/wp\/v2\/media\/32222"}],"wp:attachment":[{"href":"http:\/\/www.portalmantena.com.br\/novo\/index.php?rest_route=%2Fwp%2Fv2%2Fmedia&parent=32221"}],"wp:term":[{"taxonomy":"category","embeddable":true,"href":"http:\/\/www.portalmantena.com.br\/novo\/index.php?rest_route=%2Fwp%2Fv2%2Fcategories&post=32221"},{"taxonomy":"post_tag","embeddable":true,"href":"http:\/\/www.portalmantena.com.br\/novo\/index.php?rest_route=%2Fwp%2Fv2%2Ftags&post=32221"}],"curies":[{"name":"wp","href":"https:\/\/api.w.org\/{rel}","templated":true}]}}