{"id":32211,"date":"2018-07-02T07:36:42","date_gmt":"2018-07-02T10:36:42","guid":{"rendered":"http:\/\/www.portalmantena.com.br\/novo\/?p=32211"},"modified":"2018-07-02T07:36:42","modified_gmt":"2018-07-02T10:36:42","slug":"homem-de-33-anos-e-morto-a-tiros-pelo-carona-de-uma-moto","status":"publish","type":"post","link":"http:\/\/www.portalmantena.com.br\/novo\/?p=32211","title":{"rendered":"Homem de 33 anos \u00e9 morto a tiros pelo carona de uma moto"},"content":{"rendered":"<p><span style=\"font-size: 14pt;\">Um homem de 33 anos foi morto a tiros na madrugada do \u00faltimo s\u00e1bado (30 de Junho), no Bairro Vila Celeste, na cidade de Ipatinga. <\/span><\/p>\n<p><span style=\"font-size: 14pt;\">De acordo com as informa\u00e7\u00f5es da Pol\u00edcia Militar, Wherverton Silva Pinho estava em uma rua quando dois homens em uma motocicleta se aproximaram e o garupa efetuou v\u00e1rios disparos. <\/span><\/p>\n<p><span style=\"font-size: 14pt;\">Segundo a PM, o homem foi atingido por tr\u00eas tiros no cr\u00e2nio, t\u00f3rax e nas costas. Wherverton foi socorrido pelo Samu, mas n\u00e3o resistiu aos ferimentos. A PM informou que a v\u00edtima tinha v\u00e1rias passagens e recentemente cumpriu pena na penitenci\u00e1ria de Ipaba. <\/span><\/p>\n<p><span style=\"font-size: 14pt;\">Ainda segundo a pol\u00edcia, ele estava sendo amea\u00e7ada por um homem, que est\u00e1 preso. O corpo foi encaminhado para o Instituto M\u00e9dico Legal de Ipatinga. At\u00e9 o momento ningu\u00e9m foi preso. (fonte:g1\/vales).<\/span><\/p>\n<p>&nbsp;<\/p>\n<p><span style=\"font-size: 10pt;\">ESPA\u00c7O EMPRESARIAL<\/span><a href=\"http:\/\/www.molvw.com.br\/\"><img loading=\"lazy\" class=\"alignnone size-full wp-image-29504\" src=\"http:\/\/www.portalmantena.com.br\/novo\/wp-content\/uploads\/2018\/05\/molvolkswagen.jpg\" alt=\"\" width=\"700\" height=\"150\" srcset=\"http:\/\/www.portalmantena.com.br\/novo\/wp-content\/uploads\/2018\/05\/molvolkswagen.jpg 700w, http:\/\/www.portalmantena.com.br\/novo\/wp-content\/uploads\/2018\/05\/molvolkswagen-300x64.jpg 300w, http:\/\/www.portalmantena.com.br\/novo\/wp-content\/uploads\/2018\/05\/molvolkswagen-696x150.jpg 696w\" sizes=\"(max-width: 700px) 100vw, 700px\" \/><\/a><\/p>\n<p>&nbsp;<\/p>\n","protected":false},"excerpt":{"rendered":"<p>Um homem de 33 anos foi morto a tiros na madrugada do \u00faltimo s\u00e1bado (30 de Junho), no Bairro Vila Celeste, na cidade de Ipatinga. De acordo com as informa\u00e7\u00f5es da Pol\u00edcia Militar, Wherverton Silva Pinho estava em uma rua quando dois homens em uma motocicleta se aproximaram e o garupa efetuou v\u00e1rios disparos. Segundo [&hellip;]<\/p>\n","protected":false},"author":1,"featured_media":0,"comment_status":"open","ping_status":"open","sticky":false,"template":"","format":"standard","meta":[],"categories":[24],"tags":[],"_links":{"self":[{"href":"http:\/\/www.portalmantena.com.br\/novo\/index.php?rest_route=\/wp\/v2\/posts\/32211"}],"collection":[{"href":"http:\/\/www.portalmantena.com.br\/novo\/index.php?rest_route=\/wp\/v2\/posts"}],"about":[{"href":"http:\/\/www.portalmantena.com.br\/novo\/index.php?rest_route=\/wp\/v2\/types\/post"}],"author":[{"embeddable":true,"href":"http:\/\/www.portalmantena.com.br\/novo\/index.php?rest_route=\/wp\/v2\/users\/1"}],"replies":[{"embeddable":true,"href":"http:\/\/www.portalmantena.com.br\/novo\/index.php?rest_route=%2Fwp%2Fv2%2Fcomments&post=32211"}],"version-history":[{"count":1,"href":"http:\/\/www.portalmantena.com.br\/novo\/index.php?rest_route=\/wp\/v2\/posts\/32211\/revisions"}],"predecessor-version":[{"id":32212,"href":"http:\/\/www.portalmantena.com.br\/novo\/index.php?rest_route=\/wp\/v2\/posts\/32211\/revisions\/32212"}],"wp:attachment":[{"href":"http:\/\/www.portalmantena.com.br\/novo\/index.php?rest_route=%2Fwp%2Fv2%2Fmedia&parent=32211"}],"wp:term":[{"taxonomy":"category","embeddable":true,"href":"http:\/\/www.portalmantena.com.br\/novo\/index.php?rest_route=%2Fwp%2Fv2%2Fcategories&post=32211"},{"taxonomy":"post_tag","embeddable":true,"href":"http:\/\/www.portalmantena.com.br\/novo\/index.php?rest_route=%2Fwp%2Fv2%2Ftags&post=32211"}],"curies":[{"name":"wp","href":"https:\/\/api.w.org\/{rel}","templated":true}]}}