{"id":32105,"date":"2018-06-29T08:41:33","date_gmt":"2018-06-29T11:41:33","guid":{"rendered":"http:\/\/www.portalmantena.com.br\/novo\/?p=32105"},"modified":"2018-06-29T08:53:57","modified_gmt":"2018-06-29T11:53:57","slug":"faleceu-o-mantenense-julio-cezar-gudao","status":"publish","type":"post","link":"http:\/\/www.portalmantena.com.br\/novo\/?p=32105","title":{"rendered":"Faleceu o mantenense J\u00falio C\u00e9zar (Gud\u00e3o)"},"content":{"rendered":"<p><a href=\"http:\/\/www.portalmantena.com.br\/novo\/wp-content\/uploads\/2018\/06\/no290618gudao2.jpg\"><img loading=\"lazy\" class=\"alignnone size-full wp-image-32110\" src=\"http:\/\/www.portalmantena.com.br\/novo\/wp-content\/uploads\/2018\/06\/no290618gudao2.jpg\" alt=\"\" width=\"700\" height=\"450\" srcset=\"http:\/\/www.portalmantena.com.br\/novo\/wp-content\/uploads\/2018\/06\/no290618gudao2.jpg 700w, http:\/\/www.portalmantena.com.br\/novo\/wp-content\/uploads\/2018\/06\/no290618gudao2-300x193.jpg 300w, http:\/\/www.portalmantena.com.br\/novo\/wp-content\/uploads\/2018\/06\/no290618gudao2-696x447.jpg 696w, http:\/\/www.portalmantena.com.br\/novo\/wp-content\/uploads\/2018\/06\/no290618gudao2-653x420.jpg 653w\" sizes=\"(max-width: 700px) 100vw, 700px\" \/><\/a><\/p>\n<p><span style=\"font-size: 14pt;\">\u00c9 com pesar que comunicamos o falecimento do mantenense J\u00falio C\u00e9zar de Oliveira, conhecido como \u201cGud\u00e3o\u201d, ocorrido na\u00a0madrugada desta sexta-feira dia 29\u00a0de Junho. <\/span><\/p>\n<p><span style=\"font-size: 14pt;\">Ele que passava por um tratamento e estava com a sa\u00fade debilitada nos \u00faltimos dias. Seu corpo est\u00e1 sendo velado na Capela Vel\u00f3rio, onde acontecer\u00e1 uma celebra\u00e7\u00e3o f\u00fanebre \u00e0s 16 horas e em seguida o sepultamento nesta sexta-feira dia 29 de Junho, no Cemit\u00e9rio do Centro em Mantena. <\/span><\/p>\n<p><span style=\"font-size: 14pt;\">A fam\u00edlia enlutada, a esposa dona Creuza, os filhos Rocine, Vin\u00edcius, Agata e Caio, a irm\u00e3 Ruth e a m\u00e3e dona Ada, agradecem a todos que comparecerem a este ato de solidariedade humana e crist\u00e3. <\/span><\/p>\n<p><span style=\"font-size: 14pt;\">Fica aqui os sentimentos da reda\u00e7\u00e3o e leitores do portalmantena a todos os familiares.<\/span><\/p>\n<p>&nbsp;<\/p>\n<p>&nbsp;<\/p>\n","protected":false},"excerpt":{"rendered":"<p>\u00c9 com pesar que comunicamos o falecimento do mantenense J\u00falio C\u00e9zar de Oliveira, conhecido como \u201cGud\u00e3o\u201d, ocorrido na\u00a0madrugada desta sexta-feira dia 29\u00a0de Junho. Ele que passava por um tratamento e estava com a sa\u00fade debilitada nos \u00faltimos dias. Seu corpo est\u00e1 sendo velado na Capela Vel\u00f3rio, onde acontecer\u00e1 uma celebra\u00e7\u00e3o f\u00fanebre \u00e0s 16 horas e [&hellip;]<\/p>\n","protected":false},"author":1,"featured_media":32106,"comment_status":"open","ping_status":"open","sticky":false,"template":"","format":"standard","meta":[],"categories":[36,11],"tags":[],"_links":{"self":[{"href":"http:\/\/www.portalmantena.com.br\/novo\/index.php?rest_route=\/wp\/v2\/posts\/32105"}],"collection":[{"href":"http:\/\/www.portalmantena.com.br\/novo\/index.php?rest_route=\/wp\/v2\/posts"}],"about":[{"href":"http:\/\/www.portalmantena.com.br\/novo\/index.php?rest_route=\/wp\/v2\/types\/post"}],"author":[{"embeddable":true,"href":"http:\/\/www.portalmantena.com.br\/novo\/index.php?rest_route=\/wp\/v2\/users\/1"}],"replies":[{"embeddable":true,"href":"http:\/\/www.portalmantena.com.br\/novo\/index.php?rest_route=%2Fwp%2Fv2%2Fcomments&post=32105"}],"version-history":[{"count":4,"href":"http:\/\/www.portalmantena.com.br\/novo\/index.php?rest_route=\/wp\/v2\/posts\/32105\/revisions"}],"predecessor-version":[{"id":32111,"href":"http:\/\/www.portalmantena.com.br\/novo\/index.php?rest_route=\/wp\/v2\/posts\/32105\/revisions\/32111"}],"wp:featuredmedia":[{"embeddable":true,"href":"http:\/\/www.portalmantena.com.br\/novo\/index.php?rest_route=\/wp\/v2\/media\/32106"}],"wp:attachment":[{"href":"http:\/\/www.portalmantena.com.br\/novo\/index.php?rest_route=%2Fwp%2Fv2%2Fmedia&parent=32105"}],"wp:term":[{"taxonomy":"category","embeddable":true,"href":"http:\/\/www.portalmantena.com.br\/novo\/index.php?rest_route=%2Fwp%2Fv2%2Fcategories&post=32105"},{"taxonomy":"post_tag","embeddable":true,"href":"http:\/\/www.portalmantena.com.br\/novo\/index.php?rest_route=%2Fwp%2Fv2%2Ftags&post=32105"}],"curies":[{"name":"wp","href":"https:\/\/api.w.org\/{rel}","templated":true}]}}