{"id":32090,"date":"2018-06-29T07:48:51","date_gmt":"2018-06-29T10:48:51","guid":{"rendered":"http:\/\/www.portalmantena.com.br\/novo\/?p=32090"},"modified":"2018-06-29T07:48:51","modified_gmt":"2018-06-29T10:48:51","slug":"pm-recupera-657-pecas-de-roupa-roubadas-de-loja","status":"publish","type":"post","link":"http:\/\/www.portalmantena.com.br\/novo\/?p=32090","title":{"rendered":"PM recupera 657 pe\u00e7as de roupa roubadas de loja"},"content":{"rendered":"<p><a href=\"http:\/\/www.portalmantena.com.br\/novo\/wp-content\/uploads\/2018\/06\/no290618ropa.jpg\"><img loading=\"lazy\" class=\"alignnone size-full wp-image-32091\" src=\"http:\/\/www.portalmantena.com.br\/novo\/wp-content\/uploads\/2018\/06\/no290618ropa.jpg\" alt=\"\" width=\"700\" height=\"450\" srcset=\"http:\/\/www.portalmantena.com.br\/novo\/wp-content\/uploads\/2018\/06\/no290618ropa.jpg 700w, http:\/\/www.portalmantena.com.br\/novo\/wp-content\/uploads\/2018\/06\/no290618ropa-300x193.jpg 300w, http:\/\/www.portalmantena.com.br\/novo\/wp-content\/uploads\/2018\/06\/no290618ropa-696x447.jpg 696w, http:\/\/www.portalmantena.com.br\/novo\/wp-content\/uploads\/2018\/06\/no290618ropa-653x420.jpg 653w\" sizes=\"(max-width: 700px) 100vw, 700px\" \/><\/a><\/p>\n<p><span style=\"font-size: 14pt;\">Na madrugada desta quarta-feira (27), policiais militares do 13\u00ba Batalh\u00e3o realizam a pris\u00e3o de dois homens ap\u00f3s o furto a uma loja em Concei\u00e7\u00e3o da Barra. Com eles foram apreendidas 657 pe\u00e7as de vestu\u00e1rio. <\/span><\/p>\n<p><span style=\"font-size: 14pt;\">O furto foi visualizado pelas imagens do v\u00eddeo monitoramento, que permitiu a identifica\u00e7\u00e3o do modelo e a placa do ve\u00edculo utilizado no crime. <\/span><\/p>\n<p><span style=\"font-size: 14pt;\">As equipes de militares do Distrito de Bra\u00e7o do Rio e do munic\u00edpio de Pedro Can\u00e1rio realizaram um cerco policial para abordar o ve\u00edculo. Em Pedro Can\u00e1rio, o carro foi interceptado. <\/span><\/p>\n<p><span style=\"font-size: 14pt;\">Foram detidos R.O.V., de 27 anos e L.S.S., de 31 anos. Eles confessaram o furto e informaram que levariam as pe\u00e7as de roupa para a cidade de Itamaraju, no sul da Bahia. Os envolvidos foram conduzidos ao plant\u00e3o policial de S\u00e3o Mateus para registrar da ocorr\u00eancia. (fonte\/foto:PM).<\/span><\/p>\n<p>&nbsp;<\/p>\n<p><span style=\"font-size: 10pt;\">ESPA\u00c7O EMPRESARIAL<\/span><a href=\"https:\/\/www.facebook.com\/redevalente\/\"><img loading=\"lazy\" class=\"alignnone size-full wp-image-29377\" src=\"http:\/\/www.portalmantena.com.br\/novo\/wp-content\/uploads\/2018\/05\/valente210518bb.jpg\" alt=\"\" width=\"700\" height=\"150\" srcset=\"http:\/\/www.portalmantena.com.br\/novo\/wp-content\/uploads\/2018\/05\/valente210518bb.jpg 700w, http:\/\/www.portalmantena.com.br\/novo\/wp-content\/uploads\/2018\/05\/valente210518bb-300x64.jpg 300w, http:\/\/www.portalmantena.com.br\/novo\/wp-content\/uploads\/2018\/05\/valente210518bb-696x150.jpg 696w\" sizes=\"(max-width: 700px) 100vw, 700px\" \/><\/a><\/p>\n","protected":false},"excerpt":{"rendered":"<p>Na madrugada desta quarta-feira (27), policiais militares do 13\u00ba Batalh\u00e3o realizam a pris\u00e3o de dois homens ap\u00f3s o furto a uma loja em Concei\u00e7\u00e3o da Barra. Com eles foram apreendidas 657 pe\u00e7as de vestu\u00e1rio. O furto foi visualizado pelas imagens do v\u00eddeo monitoramento, que permitiu a identifica\u00e7\u00e3o do modelo e a placa do ve\u00edculo utilizado [&hellip;]<\/p>\n","protected":false},"author":1,"featured_media":32091,"comment_status":"open","ping_status":"open","sticky":false,"template":"","format":"standard","meta":[],"categories":[11,34],"tags":[],"_links":{"self":[{"href":"http:\/\/www.portalmantena.com.br\/novo\/index.php?rest_route=\/wp\/v2\/posts\/32090"}],"collection":[{"href":"http:\/\/www.portalmantena.com.br\/novo\/index.php?rest_route=\/wp\/v2\/posts"}],"about":[{"href":"http:\/\/www.portalmantena.com.br\/novo\/index.php?rest_route=\/wp\/v2\/types\/post"}],"author":[{"embeddable":true,"href":"http:\/\/www.portalmantena.com.br\/novo\/index.php?rest_route=\/wp\/v2\/users\/1"}],"replies":[{"embeddable":true,"href":"http:\/\/www.portalmantena.com.br\/novo\/index.php?rest_route=%2Fwp%2Fv2%2Fcomments&post=32090"}],"version-history":[{"count":1,"href":"http:\/\/www.portalmantena.com.br\/novo\/index.php?rest_route=\/wp\/v2\/posts\/32090\/revisions"}],"predecessor-version":[{"id":32092,"href":"http:\/\/www.portalmantena.com.br\/novo\/index.php?rest_route=\/wp\/v2\/posts\/32090\/revisions\/32092"}],"wp:featuredmedia":[{"embeddable":true,"href":"http:\/\/www.portalmantena.com.br\/novo\/index.php?rest_route=\/wp\/v2\/media\/32091"}],"wp:attachment":[{"href":"http:\/\/www.portalmantena.com.br\/novo\/index.php?rest_route=%2Fwp%2Fv2%2Fmedia&parent=32090"}],"wp:term":[{"taxonomy":"category","embeddable":true,"href":"http:\/\/www.portalmantena.com.br\/novo\/index.php?rest_route=%2Fwp%2Fv2%2Fcategories&post=32090"},{"taxonomy":"post_tag","embeddable":true,"href":"http:\/\/www.portalmantena.com.br\/novo\/index.php?rest_route=%2Fwp%2Fv2%2Ftags&post=32090"}],"curies":[{"name":"wp","href":"https:\/\/api.w.org\/{rel}","templated":true}]}}