{"id":32071,"date":"2018-06-28T16:31:02","date_gmt":"2018-06-28T19:31:02","guid":{"rendered":"http:\/\/www.portalmantena.com.br\/novo\/?p=32071"},"modified":"2018-06-28T16:31:02","modified_gmt":"2018-06-28T19:31:02","slug":"geracoes-mantenenses-torcendo-pelo-brasil","status":"publish","type":"post","link":"http:\/\/www.portalmantena.com.br\/novo\/?p=32071","title":{"rendered":"Gera\u00e7\u00f5es mantenenses torcendo pelo Brasil"},"content":{"rendered":"<p><a href=\"http:\/\/www.portalmantena.com.br\/novo\/wp-content\/uploads\/2018\/06\/vi280618geracoes.jpg\"><img loading=\"lazy\" class=\"alignnone size-full wp-image-32072\" src=\"http:\/\/www.portalmantena.com.br\/novo\/wp-content\/uploads\/2018\/06\/vi280618geracoes.jpg\" alt=\"\" width=\"700\" height=\"450\" srcset=\"http:\/\/www.portalmantena.com.br\/novo\/wp-content\/uploads\/2018\/06\/vi280618geracoes.jpg 700w, http:\/\/www.portalmantena.com.br\/novo\/wp-content\/uploads\/2018\/06\/vi280618geracoes-300x193.jpg 300w, http:\/\/www.portalmantena.com.br\/novo\/wp-content\/uploads\/2018\/06\/vi280618geracoes-696x447.jpg 696w, http:\/\/www.portalmantena.com.br\/novo\/wp-content\/uploads\/2018\/06\/vi280618geracoes-653x420.jpg 653w\" sizes=\"(max-width: 700px) 100vw, 700px\" \/><\/a><\/p>\n<p><span style=\"font-size: 14pt;\">S\u00e3o muitas fam\u00edlias mantenenses torcendo pelo Brasil na Copa do Mundo, e muitas delas indo literalmente para a rua com as cores do Brasil. <\/span><\/p>\n<p><span style=\"font-size: 14pt;\">A nossa amiga Gildete Carneiro re\u00fane sua anima\u00e7\u00e3o levando a fam\u00edlia a torcer pelas cores verde amarelo. Na foto com a filha Cristina e o neto. Momentos de descontra\u00e7\u00e3o e de uma torcida bem animada para que a Sele\u00e7\u00e3o Brasileira consiga ir longe nesta competi\u00e7\u00e3o.\u00a0<\/span><\/p>\n<p>&nbsp;<\/p>\n<p><span style=\"font-size: 10pt;\">ESPA\u00c7O EMPRESARIAL<\/span><a href=\"http:\/\/www.molvw.com.br\/\"><img loading=\"lazy\" class=\"alignnone size-full wp-image-29504\" src=\"http:\/\/www.portalmantena.com.br\/novo\/wp-content\/uploads\/2018\/05\/molvolkswagen.jpg\" alt=\"\" width=\"700\" height=\"150\" srcset=\"http:\/\/www.portalmantena.com.br\/novo\/wp-content\/uploads\/2018\/05\/molvolkswagen.jpg 700w, http:\/\/www.portalmantena.com.br\/novo\/wp-content\/uploads\/2018\/05\/molvolkswagen-300x64.jpg 300w, http:\/\/www.portalmantena.com.br\/novo\/wp-content\/uploads\/2018\/05\/molvolkswagen-696x150.jpg 696w\" sizes=\"(max-width: 700px) 100vw, 700px\" \/><\/a><\/p>\n","protected":false},"excerpt":{"rendered":"<p>S\u00e3o muitas fam\u00edlias mantenenses torcendo pelo Brasil na Copa do Mundo, e muitas delas indo literalmente para a rua com as cores do Brasil. A nossa amiga Gildete Carneiro re\u00fane sua anima\u00e7\u00e3o levando a fam\u00edlia a torcer pelas cores verde amarelo. Na foto com a filha Cristina e o neto. Momentos de descontra\u00e7\u00e3o e de [&hellip;]<\/p>\n","protected":false},"author":1,"featured_media":32072,"comment_status":"open","ping_status":"open","sticky":false,"template":"","format":"standard","meta":[],"categories":[7],"tags":[],"_links":{"self":[{"href":"http:\/\/www.portalmantena.com.br\/novo\/index.php?rest_route=\/wp\/v2\/posts\/32071"}],"collection":[{"href":"http:\/\/www.portalmantena.com.br\/novo\/index.php?rest_route=\/wp\/v2\/posts"}],"about":[{"href":"http:\/\/www.portalmantena.com.br\/novo\/index.php?rest_route=\/wp\/v2\/types\/post"}],"author":[{"embeddable":true,"href":"http:\/\/www.portalmantena.com.br\/novo\/index.php?rest_route=\/wp\/v2\/users\/1"}],"replies":[{"embeddable":true,"href":"http:\/\/www.portalmantena.com.br\/novo\/index.php?rest_route=%2Fwp%2Fv2%2Fcomments&post=32071"}],"version-history":[{"count":1,"href":"http:\/\/www.portalmantena.com.br\/novo\/index.php?rest_route=\/wp\/v2\/posts\/32071\/revisions"}],"predecessor-version":[{"id":32073,"href":"http:\/\/www.portalmantena.com.br\/novo\/index.php?rest_route=\/wp\/v2\/posts\/32071\/revisions\/32073"}],"wp:featuredmedia":[{"embeddable":true,"href":"http:\/\/www.portalmantena.com.br\/novo\/index.php?rest_route=\/wp\/v2\/media\/32072"}],"wp:attachment":[{"href":"http:\/\/www.portalmantena.com.br\/novo\/index.php?rest_route=%2Fwp%2Fv2%2Fmedia&parent=32071"}],"wp:term":[{"taxonomy":"category","embeddable":true,"href":"http:\/\/www.portalmantena.com.br\/novo\/index.php?rest_route=%2Fwp%2Fv2%2Fcategories&post=32071"},{"taxonomy":"post_tag","embeddable":true,"href":"http:\/\/www.portalmantena.com.br\/novo\/index.php?rest_route=%2Fwp%2Fv2%2Ftags&post=32071"}],"curies":[{"name":"wp","href":"https:\/\/api.w.org\/{rel}","templated":true}]}}