{"id":31940,"date":"2018-06-26T14:55:05","date_gmt":"2018-06-26T17:55:05","guid":{"rendered":"http:\/\/www.portalmantena.com.br\/novo\/?p=31940"},"modified":"2018-06-26T14:55:05","modified_gmt":"2018-06-26T17:55:05","slug":"escolas-estaduais-em-mg-retornam-as-aulas-nesta-quarta-feira","status":"publish","type":"post","link":"http:\/\/www.portalmantena.com.br\/novo\/?p=31940","title":{"rendered":"Escolas Estaduais em MG retornam \u00e0s aulas nesta quarta-feira"},"content":{"rendered":"<p><a href=\"http:\/\/www.portalmantena.com.br\/novo\/wp-content\/uploads\/2018\/06\/no260618escola1.jpg\"><img loading=\"lazy\" class=\"alignnone size-full wp-image-31941\" src=\"http:\/\/www.portalmantena.com.br\/novo\/wp-content\/uploads\/2018\/06\/no260618escola1.jpg\" alt=\"\" width=\"700\" height=\"450\" srcset=\"http:\/\/www.portalmantena.com.br\/novo\/wp-content\/uploads\/2018\/06\/no260618escola1.jpg 700w, http:\/\/www.portalmantena.com.br\/novo\/wp-content\/uploads\/2018\/06\/no260618escola1-300x193.jpg 300w, http:\/\/www.portalmantena.com.br\/novo\/wp-content\/uploads\/2018\/06\/no260618escola1-696x447.jpg 696w, http:\/\/www.portalmantena.com.br\/novo\/wp-content\/uploads\/2018\/06\/no260618escola1-653x420.jpg 653w\" sizes=\"(max-width: 700px) 100vw, 700px\" \/><\/a><\/p>\n<p><span style=\"font-size: 14pt;\">Ap\u00f3s dias de paralisa\u00e7\u00e3o, o Sind-UTE\/MG (Sindicato \u00danico dos Trabalhadores em Educa\u00e7\u00e3o de Minas Gerais), informa o retorno das atividades nas escolas estaduais, Superintend\u00eancias e \u00d3rg\u00e3o Central da Secretaria de Educa\u00e7\u00e3o nesta quarta-feira, dia 27 de junho. Para tanto o Sind-UTE MG emitiu uma nota p\u00fablica. Veja abaixo na integra a NOTA emitida.\u00a0<\/span><\/p>\n<p><span style=\"font-size: 12pt;\"><strong>Nota p\u00fablica Sind-UTE MG<\/strong><\/span><\/p>\n<p><span style=\"font-size: 12pt;\"><strong>Conforme decis\u00e3o do Congresso do Sind-UTE\/MG, a categoria paralisou suas atividades a partir do dia 11 de junho em fun\u00e7\u00e3o do n\u00e3o pagamento da primeira parcela dos sal\u00e1rios no 5\u00ba dia \u00fatil do m\u00eas. <\/strong><\/span><\/p>\n<p><span style=\"font-size: 12pt;\"><strong>A decis\u00e3o, tomada na maior inst\u00e2ncia do Sindicato, tem o objetivo de pressionar o governo a retornar o pagamento para o 5\u00ba dia \u00fatil do m\u00eas. Antes do in\u00edcio desta mobiliza\u00e7\u00e3o, a categoria realizou paralisa\u00e7\u00e3o e manifesta\u00e7\u00e3o em Belo Horizonte em conjunto com os trabalhadores da sa\u00fade e da Cemig, no dia 5 de junho, conforme tamb\u00e9m decis\u00e3o do Congresso da entidade. A pauta da manifesta\u00e7\u00e3o tamb\u00e9m foi pelo pagamento no 5\u00ba dia \u00fatil. <\/strong><\/span><\/p>\n<p><span style=\"font-size: 12pt;\"><strong>Em mar\u00e7o deste ano, a categoria tamb\u00e9m realizou uma greve que teve como uma das suas pautas o pagamento no 5\u00ba dia \u00fatil. O movimento durou 40 dias e foi suspenso em abril. A categoria se mant\u00e9m desde esta data em estado de greve. Para o pagamento neste m\u00eas de junho, a categoria enfrentou ainda mais problemas. O governo do Estado n\u00e3o cumpriu a escala de pagamento anunciada por ele mesmo e excluiu a educa\u00e7\u00e3o b\u00e1sica que n\u00e3o recebeu na data divulgada (13 de junho). <\/strong><\/span><\/p>\n<p><span style=\"font-size: 12pt;\"><strong>A partir da\u00ed, a paralisa\u00e7\u00e3o que j\u00e1 estava convocada desde o dia 11 teve forte ades\u00e3o em todas as regi\u00f5es do estado. A categoria al\u00e9m de paralisar as atividades realizou plen\u00e1rias, movimentos com a comunidade escolar, dezenas de manifesta\u00e7\u00f5es. <\/strong><\/span><\/p>\n<p><span style=\"font-size: 12pt;\"><strong>No dia 19 de junho, o Sindicato realizou um ato estadual com a participa\u00e7\u00e3o de caravanas de todas as regi\u00f5es do estado. O Governo tentou dividir a categoria ao anunciar o pagamento de parte da primeira parcela apenas para os trabalhadores em atividade, excluindo quem j\u00e1 est\u00e1 aposentado\/a. A situa\u00e7\u00e3o foi considerada inaceit\u00e1vel e a categoria manteve a paralisa\u00e7\u00e3o porque a luta \u00e9 de todos e com todos. A tentativa do governo de divis\u00e3o da categoria fracassou. <\/strong><\/span><\/p>\n<p><span style=\"font-size: 12pt;\"><strong>Na sequ\u00eancia, o governo antecipou o pagamento da segunda parcela para os\/as servidores\/as da Fhemig e Seguran\u00e7a P\u00fablica sem resolver a falta de pagamento na educa\u00e7\u00e3o. Ap\u00f3s intenso processo de cobran\u00e7a, mobiliza\u00e7\u00e3o e den\u00fancia, o governo realizou o pagamento da primeira parcela do sal\u00e1rio da educa\u00e7\u00e3o nos dias 25 e 26 de junho. <\/strong><\/span><\/p>\n<p><span style=\"font-size: 12pt;\"><strong>O governo foi notificado da paralisa\u00e7\u00e3o e tamb\u00e9m dos seus motivos. Considerando que a primeira parcela dos sal\u00e1rios foi paga para a categoria, incluindo aposentados\/as, o Sind-UTE\/MG MG, encaminhando a delibera\u00e7\u00e3o do Congresso, <span style=\"color: #ff0000;\">informa o retorno das atividades nas escolas estaduais, Superintend\u00eancias e \u00d3rg\u00e3o Central da Secretaria de Educa\u00e7\u00e3o nesta quarta-feira, dia 27 de junho. <\/span><\/strong><\/span><\/p>\n<p><span style=\"font-size: 12pt;\"><strong>A categoria continuar\u00e1 a luta pelo direito de receber seu sal\u00e1rio em dia, sem exclus\u00e3o de nenhum setor da categoria. (fonte: <a href=\"http:\/\/www.sindutemg.org.br\">www.sindutemg.org.br<\/a>).<\/strong><\/span><\/p>\n<p>&nbsp;<\/p>\n<p><span style=\"font-size: 10pt;\">ESPA\u00c7O EMPRESARIAL<\/span><img loading=\"lazy\" class=\"alignnone size-full wp-image-30339\" src=\"http:\/\/www.portalmantena.com.br\/novo\/wp-content\/uploads\/2018\/05\/casadastintas.jpg\" alt=\"\" width=\"700\" height=\"150\" srcset=\"http:\/\/www.portalmantena.com.br\/novo\/wp-content\/uploads\/2018\/05\/casadastintas.jpg 700w, http:\/\/www.portalmantena.com.br\/novo\/wp-content\/uploads\/2018\/05\/casadastintas-300x64.jpg 300w, http:\/\/www.portalmantena.com.br\/novo\/wp-content\/uploads\/2018\/05\/casadastintas-696x150.jpg 696w\" sizes=\"(max-width: 700px) 100vw, 700px\" \/><\/p>\n","protected":false},"excerpt":{"rendered":"<p>Ap\u00f3s dias de paralisa\u00e7\u00e3o, o Sind-UTE\/MG (Sindicato \u00danico dos Trabalhadores em Educa\u00e7\u00e3o de Minas Gerais), informa o retorno das atividades nas escolas estaduais, Superintend\u00eancias e \u00d3rg\u00e3o Central da Secretaria de Educa\u00e7\u00e3o nesta quarta-feira, dia 27 de junho. Para tanto o Sind-UTE MG emitiu uma nota p\u00fablica. Veja abaixo na integra a NOTA emitida.\u00a0 Nota p\u00fablica [&hellip;]<\/p>\n","protected":false},"author":1,"featured_media":31941,"comment_status":"open","ping_status":"open","sticky":false,"template":"","format":"standard","meta":[],"categories":[36,11,39],"tags":[],"_links":{"self":[{"href":"http:\/\/www.portalmantena.com.br\/novo\/index.php?rest_route=\/wp\/v2\/posts\/31940"}],"collection":[{"href":"http:\/\/www.portalmantena.com.br\/novo\/index.php?rest_route=\/wp\/v2\/posts"}],"about":[{"href":"http:\/\/www.portalmantena.com.br\/novo\/index.php?rest_route=\/wp\/v2\/types\/post"}],"author":[{"embeddable":true,"href":"http:\/\/www.portalmantena.com.br\/novo\/index.php?rest_route=\/wp\/v2\/users\/1"}],"replies":[{"embeddable":true,"href":"http:\/\/www.portalmantena.com.br\/novo\/index.php?rest_route=%2Fwp%2Fv2%2Fcomments&post=31940"}],"version-history":[{"count":1,"href":"http:\/\/www.portalmantena.com.br\/novo\/index.php?rest_route=\/wp\/v2\/posts\/31940\/revisions"}],"predecessor-version":[{"id":31942,"href":"http:\/\/www.portalmantena.com.br\/novo\/index.php?rest_route=\/wp\/v2\/posts\/31940\/revisions\/31942"}],"wp:featuredmedia":[{"embeddable":true,"href":"http:\/\/www.portalmantena.com.br\/novo\/index.php?rest_route=\/wp\/v2\/media\/31941"}],"wp:attachment":[{"href":"http:\/\/www.portalmantena.com.br\/novo\/index.php?rest_route=%2Fwp%2Fv2%2Fmedia&parent=31940"}],"wp:term":[{"taxonomy":"category","embeddable":true,"href":"http:\/\/www.portalmantena.com.br\/novo\/index.php?rest_route=%2Fwp%2Fv2%2Fcategories&post=31940"},{"taxonomy":"post_tag","embeddable":true,"href":"http:\/\/www.portalmantena.com.br\/novo\/index.php?rest_route=%2Fwp%2Fv2%2Ftags&post=31940"}],"curies":[{"name":"wp","href":"https:\/\/api.w.org\/{rel}","templated":true}]}}